{"id":470308,"date":"2025-10-17T16:01:16","date_gmt":"2025-10-17T16:01:16","guid":{"rendered":"https:\/\/www.europesays.com\/fr\/470308\/"},"modified":"2025-10-17T16:01:16","modified_gmt":"2025-10-17T16:01:16","slug":"pollution-la-metropole-de-lyon-se-dote-dun-institut-ecocitoyen","status":"publish","type":"post","link":"https:\/\/www.europesays.com\/fr\/470308\/","title":{"rendered":"Pollution : la M\u00e9tropole de Lyon se dote d&rsquo;un institut \u00e9cocitoyen"},"content":{"rendered":"<p class=\"content\" style=\"font-size:1.2em;font-weight:700\">La M\u00e9tropole de Lyon a officialis\u00e9, jeudi 16 octobre, la cr\u00e9ation de l\u2019Institut \u00e9cocitoyen du territoire lyonnais pour associer citoyens et chercheurs face aux pollutions.<\/p>\n<p>C&rsquo;est officiel ! La M\u00e9tropole de Lyon a annonc\u00e9 la naissance de l\u00a0\u00bb&lsquo;Institut \u00e9cocitoyen du territoire lyonnais\u00a0\u00bb jeudi 16 octobre. Le but ? Mieux comprendre les impacts environnementaux. Cet institut sera compos\u00e9 entre autres, de citoyens, chercheurs, ou encore acteurs \u00e9conomiques. La cr\u00e9ation de cette organisation est le r\u00e9sultat direct d&rsquo;une dynamique d\u00e9j\u00e0 bien vivante au sein de la M\u00e9tropole de Lyon. En effet, plusieurs collectifs locaux ont mis en \u00e9vidence la n\u00e9cessit\u00e9 \u00ab\u00a0d\u2019alimenter l\u2019information publique et les d\u00e9bats sur les territoires particuli\u00e8rement expos\u00e9s \u00e0 des pollutions connues comme \u00e9mergentes\u00a0\u00bb explique le communiqu\u00e9 de presse de la M\u00e9tropole.<\/p>\n<p>Bien avant de donner une forme concr\u00e8te \u00e0 cet institut, la M\u00e9tropole a charg\u00e9 la pr\u00e9figuration de celui-ci \u00e0 Gwenola Le Naour et Emmanuel Martinais, deux enseignants chercheurs. Une mission qui s&rsquo;est av\u00e9r\u00e9e concluante quand \u00e0 la pertinence et l&rsquo;int\u00e9r\u00eat d&rsquo;une telle organisation. Pour rappel, le M\u00e9tropole n&rsquo;est pas la premi\u00e8re \u00e0 exp\u00e9rimenter ce type de structure puisque Fos-sur-Mer poss\u00e8de d\u00e9j\u00e0 un institut similaire. Une structure qui permet de \u00ab\u00a0renforcer les moyens d\u2019agir concr\u00e8tement, aux c\u00f4t\u00e9s des scientifiques et des citoyens, pour prot\u00e9ger la sant\u00e9 des habitants et am\u00e9liorer la qualit\u00e9 de notre environnement\u00a0\u00bb, clame Pierre Athanaze, vice-pr\u00e9sident de la M\u00e9tropole de Lyon \u00e0 l&rsquo;environnement.<\/p>\n<p>De multiples d\u00e9fis \u00e0 r\u00e9aliser pour l&rsquo;Institut <\/p>\n<p>Quelle direction pour l&rsquo;Institut \u00e9cocitoyen ? La gouvernance est tout d&rsquo;abord ouverte, c&rsquo;est \u00e0 dire que tout citoyen peut y participer, sous de l&rsquo;acceptation du conseil d&rsquo;administration. Ensuite, cette gouvernance est dirig\u00e9e en six coll\u00e8ges : associations et collectifs citoyens, acteurs \u00e9conomiques, scientifiques, praticiens de sant\u00e9, collectivit\u00e9s et enfin travailleurs. Bien entendu, les candidatures doivent correspondre \u00e0 un coll\u00e8ge pour pouvoir \u00eatre valid\u00e9es.<\/p>\n<p>En ce qui concerne les objectifs \u00e0 r\u00e9aliser, ils sont nombreux. D&rsquo;une part, produire, mutualiser et diffuser des connaissances scientifiques sur les polluants. Ensuite, rendre celles-ci accessibles au niveau politique, l\u00e9gislatif et parlementaire afin que ces expertises se transforment en actes. Le troisi\u00e8me d\u00e9fi consiste \u00e0 associer les citoyens aux processus scientifiques, en \u00ab\u00a0prenant en compte leurs perceptions\u00a0\u00bb. Enfin, l&rsquo;importance est mise sur les dialogues entre tous les acteurs concern\u00e9s. Avec un objectif, r\u00e9pondre aux besoins de la population.<\/p>\n<p>Une assembl\u00e9e g\u00e9n\u00e9rale est pr\u00e9vue fin 2025 afin d&rsquo;\u00e9lire le conseil d&rsquo;administration et le bureau de l&rsquo;Institut. Pour ce qui est du recrutement de l&rsquo;\u00e9quipe de direction, rendez vous au d\u00e9but de l&rsquo;ann\u00e9e 2026.<\/p>\n","protected":false},"excerpt":{"rendered":"La M\u00e9tropole de Lyon a officialis\u00e9, jeudi 16 octobre, la cr\u00e9ation de l\u2019Institut \u00e9cocitoyen du territoire lyonnais pour&hellip;\n","protected":false},"author":2,"featured_media":470309,"comment_status":"","ping_status":"","sticky":false,"template":"","format":"standard","meta":{"footnotes":""},"categories":[1889],"tags":[1111,11,2430,1777,674,1011,27,59392,2428,10510,12,1800,25],"class_list":{"0":"post-470308","1":"post","2":"type-post","3":"status-publish","4":"format-standard","5":"has-post-thumbnail","7":"category-lyon","8":"tag-actu","9":"tag-actualites","10":"tag-auvergne-rhone-alpes","11":"tag-eu","12":"tag-europe","13":"tag-fr","14":"tag-france","15":"tag-institut-ecocitoyen","16":"tag-lyon","17":"tag-metropole-de-lyon","18":"tag-news","19":"tag-pollution","20":"tag-republique-francaise"},"share_on_mastodon":{"url":"https:\/\/pubeurope.com\/@fr\/115390348175211813","error":""},"_links":{"self":[{"href":"https:\/\/www.europesays.com\/fr\/wp-json\/wp\/v2\/posts\/470308","targetHints":{"allow":["GET"]}}],"collection":[{"href":"https:\/\/www.europesays.com\/fr\/wp-json\/wp\/v2\/posts"}],"about":[{"href":"https:\/\/www.europesays.com\/fr\/wp-json\/wp\/v2\/types\/post"}],"author":[{"embeddable":true,"href":"https:\/\/www.europesays.com\/fr\/wp-json\/wp\/v2\/users\/2"}],"replies":[{"embeddable":true,"href":"https:\/\/www.europesays.com\/fr\/wp-json\/wp\/v2\/comments?post=470308"}],"version-history":[{"count":0,"href":"https:\/\/www.europesays.com\/fr\/wp-json\/wp\/v2\/posts\/470308\/revisions"}],"wp:featuredmedia":[{"embeddable":true,"href":"https:\/\/www.europesays.com\/fr\/wp-json\/wp\/v2\/media\/470309"}],"wp:attachment":[{"href":"https:\/\/www.europesays.com\/fr\/wp-json\/wp\/v2\/media?parent=470308"}],"wp:term":[{"taxonomy":"category","embeddable":true,"href":"https:\/\/www.europesays.com\/fr\/wp-json\/wp\/v2\/categories?post=470308"},{"taxonomy":"post_tag","embeddable":true,"href":"https:\/\/www.europesays.com\/fr\/wp-json\/wp\/v2\/tags?post=470308"}],"curies":[{"name":"wp","href":"https:\/\/api.w.org\/{rel}","templated":true}]}}