{"id":47031,"date":"2025-04-23T16:43:08","date_gmt":"2025-04-23T16:43:08","guid":{"rendered":"https:\/\/www.europesays.com\/fr\/47031\/"},"modified":"2025-04-23T16:43:08","modified_gmt":"2025-04-23T16:43:08","slug":"paris-berlin-et-londres-exhortent-israel-a-cesser-le-blocage-de-laide","status":"publish","type":"post","link":"https:\/\/www.europesays.com\/fr\/47031\/","title":{"rendered":"Paris, Berlin et Londres exhortent Isra\u00ebl \u00e0 \u00abcesser\u00bb le blocage de l\u2019aide"},"content":{"rendered":"<p><strong>LE POINT SUR LA SITUATION &#8211;<\/strong> Dans un communiqu\u00e9 commun, les trois ministres des Affaires \u00e9trang\u00e8res appellent le gouvernement h\u00e9breu \u00e0 lever le blocus, pour \u00abr\u00e9pondre aux besoins de tous les civils\u00bb, \u00e0 nouveau frapp\u00e9s par un bombardement ce mercredi.<\/p>\n<p class=\"fig-paragraph\">La France, le Royaume-Uni et l\u2019Allemagne exhortent Isra\u00ebl \u00e0 lever le<a href=\"http:\/\/www.lefigaro.fr\/international\/israel-revient-en-force-dans-la-bande-de-gaza-privee-depuis-un-mois-d-aide-humanitaire-20250402\" target=\"_blank\" data-fig-type=\"Article\" rel=\"noopener nofollow\" data-gtm-custom-categorie=\"navigation\" data-gtm-custom-action=\"crossclick\" data-gtm-custom-label=\"Contextuel\" data-gtm-event=\"customEventSPE\" data-fig-domain=\"LEFIGARO\">\u00a0blocage de l\u2019aide humanitaire<\/a>.<br \/>L\u2019arm\u00e9e isra\u00e9lienne poursuit ses frappes dans la bande de Gaza, depuis la rupture de la tr\u00eave le 18 mars.<\/p>\n<p class=\"fig-paragraph\">Ce mercredi, un bombardement dans l\u2019enclave palestinienne a fait 27 morts, touchant notamment une \u00e9cole. La branche arm\u00e9e du Hamas a publi\u00e9 une vid\u00e9o d\u2019un otage isra\u00e9lo-hongrois en vie \u00e0 Gaza. Le Figaro fait le point sur la situation.<\/p>\n<p>Le blocage de l\u2019aide par Isra\u00ebl \u00abdoit cesser\u00bb, r\u00e9clament Londres, Paris et Berlin<\/p>\n<p class=\"fig-paragraph\">Le Royaume-Uni, la France et l&rsquo;Allemagne ont exhort\u00e9 mercredi<a href=\"http:\/\/www.lefigaro.fr\/international\/secouristes-tues-a-gaza-israel-plaide-en-partie-coupable-20250421\" target=\"_blank\" data-fig-type=\"Article\" rel=\"noopener nofollow\" data-gtm-custom-categorie=\"navigation\" data-gtm-custom-action=\"crossclick\" data-gtm-custom-label=\"Contextuel\" data-gtm-event=\"customEventSPE\" data-fig-domain=\"LEFIGARO\">\u00a0Isra\u00ebl<\/a>\u00a0\u00e0 \u00abcesser\u00bb le blocage de l&rsquo;aide humanitaire dans la bande de Gaza, une mesure \u00abintol\u00e9rable\u00bb qui fait risquer aux civils palestiniens \u00abla famine, des \u00e9pid\u00e9mies et la mort\u00bb.<\/p>\n<p class=\"fig-paragraph\">Dans un communiqu\u00e9 commun, les trois<a href=\"http:\/\/www.lefigaro.fr\/international\/jean-noel-barrot-menace-l-algerie-de-consequences-si-elle-maintient-l-expulsion-de-12-agents-francais-20250415\" target=\"_blank\" data-fig-type=\"NewsFlash\" rel=\"noopener nofollow\" data-gtm-custom-categorie=\"navigation\" data-gtm-custom-action=\"crossclick\" data-gtm-custom-label=\"Contextuel\" data-gtm-event=\"customEventSPE\" data-fig-domain=\"LEFIGARO\">\u00a0ministres des Affaires \u00e9trang\u00e8res<\/a>\u00a0appellent Isra\u00ebl \u00ab\u00e0 r\u00e9tablir imm\u00e9diatement un flux rapide et sans entrave d&rsquo;aide humanitaire \u00e0 Gaza afin de r\u00e9pondre aux besoins de tous les civils\u00bb.<\/p>\n<p><strong>17 morts dans des frappes isra\u00e9liennes \u00e0 Gaza, selon la D\u00e9fense civile<\/strong><\/p>\n<p class=\"fig-paragraph\">La D\u00e9fense civile palestinienne a annonc\u00e9 que des frappes isra\u00e9liennes avaient fait au moins 17 morts dans la\u00a0<a href=\"http:\/\/www.lefigaro.fr\/international\/en-egypte-emmanuel-macron-soutient-le-plan-de-reconstruction-arabe-pour-la-bande-de-gaza-20250407\" target=\"_blank\" data-fig-type=\"Article\" rel=\"noopener nofollow\" data-gtm-custom-categorie=\"navigation\" data-gtm-custom-action=\"crossclick\" data-gtm-custom-label=\"Contextuel\" data-gtm-event=\"customEventSPE\" data-fig-domain=\"LEFIGARO\">bande de Gaza\u00a0<\/a>mercredi matin, laissant des \u00abcorps calcin\u00e9s\u00bb et des \u00abpersonnes disparues sous les d\u00e9combres\u00bb.<\/p>\n<p class=\"fig-paragraph\">La frappe la plus meurtri\u00e8re s\u2019est produite sur une \u00e9cole qui abriterait des personnes d\u00e9plac\u00e9es dans la ville de Gaza (nord), faisant onze morts et 17 bless\u00e9s, \u00aby compris des femmes et des enfants\u00bb, a d\u00e9clar\u00e9 \u00e0 l\u2019AFP le porte-parole de la D\u00e9fense civile, Mahmoud Bassal. \u00abLe bombardement a provoqu\u00e9 un incendie massif dans le b\u00e2timent et plusieurs corps calcin\u00e9s ont \u00e9t\u00e9 retrouv\u00e9s\u00bb, a-t-il dit.<\/p>\n<p class=\"fig-paragraph\">Au moins six autres personnes ont \u00e9t\u00e9 tu\u00e9es par des tirs ou des bombardements isra\u00e9liens \u00e0 Jabalia (nord) et Khan Youn\u00e8s (sud), selon la D\u00e9fense civile et \u00abplusieurs autres sont port\u00e9es disparues sous les d\u00e9combres\u00bb apr\u00e8s des tirs isra\u00e9liens contre des maisons de l\u2019est de Gaza. Une frappe sur une maison \u00e0 Jabalia, dans le Nord, a tu\u00e9 un enfant et une autre sur une maison \u00e0 Khan Youn\u00e8s (sud) a fait un mort, a pr\u00e9cis\u00e9 Mahmoud Bassal.<\/p>\n<p class=\"fig-body-link\">\n            \u00c0 lire aussi<br \/>\n        <a class=\"fig-body-link__link fig-premium-mark\" href=\"http:\/\/www.lefigaro.fr\/international\/guerre-israel-hamas-l-armee-israelienne-etend-son-emprise-sur-gaza-20250416\" data-fig-type=\"Article\" data-gtm-custom-categorie=\"navigation\" data-gtm-custom-action=\"crossclick\" data-gtm-custom-label=\"Contextuel\" data-gtm-event=\"customEventSPE\" data-fig-domain=\"LEFIGARO\" rel=\"nofollow noopener\" target=\"_blank\">Guerre Isra\u00ebl-Hamas: l\u2019arm\u00e9e isra\u00e9lienne \u00e9tend son emprise sur Gaza<br \/>\n    <\/a>\n<\/p>\n<p><strong>La branche arm\u00e9e du Hamas publie une vid\u00e9o d\u2019un otage isra\u00e9lien en vie<\/strong><\/p>\n<p class=\"fig-paragraph\">La branche arm\u00e9e du Hamas a publi\u00e9 ce mercredi une vid\u00e9o d\u2019un otage isra\u00e9lo-hongrois en vie \u00e0 Gaza, Omri Miran, enlev\u00e9 lors de l\u2019attaque sanglante du mouvement islamiste palestinien le 7 octobre 2023 en Isra\u00ebl. Dans cette vid\u00e9o de moins de trois minutes, l\u2019otage, qui s\u2019exprime en h\u00e9breu, d\u00e9cline son identit\u00e9 et demande au\u00a0<a href=\"http:\/\/www.lefigaro.fr\/international\/la-france-au-coeur-d-une-querelle-au-sein-du-gouvernement-israelien-20240616\" target=\"_blank\" data-fig-type=\"Article\" rel=\"noopener nofollow\" data-gtm-custom-categorie=\"navigation\" data-gtm-custom-action=\"crossclick\" data-gtm-custom-label=\"Contextuel\" data-gtm-event=\"customEventSPE\" data-fig-domain=\"LEFIGARO\">gouvernement isra\u00e9lien\u00a0<\/a>d\u2019agir pour sa lib\u00e9ration.<\/p>\n<p class=\"fig-paragraph\">L\u2019AFP n\u2019\u00e9tait pas en mesure de d\u00e9terminer la date de l\u2019enregistrement. Omri Miran, 48 ans, a \u00e9t\u00e9 enlev\u00e9 au kibboutz Nahal Oz o\u00f9 il vivait, en pr\u00e9sence de sa femme Lichay Miran-Lavi et de leurs deux fillettes, qui ont \u00e9t\u00e9 laiss\u00e9es libres. Il \u00e9tait apparu dans une vid\u00e9o diffus\u00e9e par le Hamas en avril 2024.<\/p>\n","protected":false},"excerpt":{"rendered":"LE POINT SUR LA SITUATION &#8211; Dans un communiqu\u00e9 commun, les trois ministres des Affaires \u00e9trang\u00e8res appellent le&hellip;\n","protected":false},"author":2,"featured_media":47032,"comment_status":"","ping_status":"","sticky":false,"template":"","format":"standard","meta":{"footnotes":""},"categories":[1888],"tags":[1111,1928,259,11,1927,260,3259,1777,674,1011,27,665,14,664,261,12,1926,626,1925,262,25],"class_list":{"0":"post-47031","1":"post","2":"type-post","3":"status-publish","4":"format-standard","5":"has-post-thumbnail","7":"category-paris","8":"tag-actu","9":"tag-actu-paris","10":"tag-actualite-internationale","11":"tag-actualites","12":"tag-actualites-paris","13":"tag-affaires-etrangeres","14":"tag-conflit-israelo-palestinien","15":"tag-eu","16":"tag-europe","17":"tag-fr","18":"tag-france","19":"tag-gaza","20":"tag-international","21":"tag-israel","22":"tag-ministere-des-affaires-etrangeres","23":"tag-news","24":"tag-news-paris","25":"tag-paris","26":"tag-paris-news","27":"tag-politique-etrangere","28":"tag-republique-francaise"},"share_on_mastodon":{"url":"https:\/\/pubeurope.com\/@fr\/114388284448140323","error":""},"_links":{"self":[{"href":"https:\/\/www.europesays.com\/fr\/wp-json\/wp\/v2\/posts\/47031","targetHints":{"allow":["GET"]}}],"collection":[{"href":"https:\/\/www.europesays.com\/fr\/wp-json\/wp\/v2\/posts"}],"about":[{"href":"https:\/\/www.europesays.com\/fr\/wp-json\/wp\/v2\/types\/post"}],"author":[{"embeddable":true,"href":"https:\/\/www.europesays.com\/fr\/wp-json\/wp\/v2\/users\/2"}],"replies":[{"embeddable":true,"href":"https:\/\/www.europesays.com\/fr\/wp-json\/wp\/v2\/comments?post=47031"}],"version-history":[{"count":0,"href":"https:\/\/www.europesays.com\/fr\/wp-json\/wp\/v2\/posts\/47031\/revisions"}],"wp:featuredmedia":[{"embeddable":true,"href":"https:\/\/www.europesays.com\/fr\/wp-json\/wp\/v2\/media\/47032"}],"wp:attachment":[{"href":"https:\/\/www.europesays.com\/fr\/wp-json\/wp\/v2\/media?parent=47031"}],"wp:term":[{"taxonomy":"category","embeddable":true,"href":"https:\/\/www.europesays.com\/fr\/wp-json\/wp\/v2\/categories?post=47031"},{"taxonomy":"post_tag","embeddable":true,"href":"https:\/\/www.europesays.com\/fr\/wp-json\/wp\/v2\/tags?post=47031"}],"curies":[{"name":"wp","href":"https:\/\/api.w.org\/{rel}","templated":true}]}}