{"id":470314,"date":"2025-10-17T16:05:19","date_gmt":"2025-10-17T16:05:19","guid":{"rendered":"https:\/\/www.europesays.com\/fr\/470314\/"},"modified":"2025-10-17T16:05:19","modified_gmt":"2025-10-17T16:05:19","slug":"juge-apres-la-main-arrachee-dun-gilet-jaune-en-2018-un-crs-relaxe","status":"publish","type":"post","link":"https:\/\/www.europesays.com\/fr\/470314\/","title":{"rendered":"Jug\u00e9 apr\u00e8s la main arrach\u00e9e d\u2019un \u00ab gilet jaune \u00bb en 2018, un CRS relax\u00e9"},"content":{"rendered":"<p class=\"mb-4 text-lg md:leading-8 break-words\"><strong>Proc\u00e8s &#8211; Le tribunal a consid\u00e9r\u00e9 que le jet de grenade qui a arrach\u00e9 la main d\u2019un Gilet jaune constituait une r\u00e9ponse n\u00e9cessaire et proportionn\u00e9e du CRS<\/strong><\/p>\n<p class=\"mb-4 text-lg md:leading-8 break-words\">Le tribunal correctionnel de <a href=\"https:\/\/www.20minutes.fr\/paris\/?at_medium=RSS%20feed&amp;at_campaign=ynews&amp;utm_source=yahoo&amp;utm_medium=rss&amp;utm_campaign=news_feed&amp;utm_content=in_article_link\" rel=\"nofollow noopener\" target=\"_blank\" data-ylk=\"slk:Paris;elm:context_link;itc:0;sec:content-canvas\" class=\"link \">Paris <\/a>a relax\u00e9 vendredi un CRS poursuivi pour blessures involontaires sur un manifestant \u00ab <a href=\"https:\/\/www.20minutes.fr\/societe\/gilets-jaunes\/?at_medium=RSS%20feed&amp;at_campaign=ynews&amp;utm_source=yahoo&amp;utm_medium=rss&amp;utm_campaign=news_feed&amp;utm_content=in_article_link\" rel=\"nofollow noopener\" target=\"_blank\" data-ylk=\"slk:gilet jaune;elm:context_link;itc:0;sec:content-canvas\" class=\"link \">gilet jaune<\/a> \u00bb qui a eu la main arrach\u00e9e dans l\u2019explosion d\u2019une grenade en 2018.<\/p>\n<p class=\"mb-4 text-lg md:leading-8 break-words\">Le 24 novembre 2018, lors de l&rsquo;\u00ab acte 2 \u00bb des gilets jaunes qui d\u00e9g\u00e9n\u00e9rait, le major Jackie D. avait lanc\u00e9 une <a href=\"https:\/\/www.20minutes.fr\/dossier\/grenade?at_medium=RSS%20feed&amp;at_campaign=ynews&amp;utm_source=yahoo&amp;utm_medium=rss&amp;utm_campaign=news_feed&amp;utm_content=in_article_link\" rel=\"nofollow noopener\" target=\"_blank\" data-ylk=\"slk:grenade;elm:context_link;itc:0;sec:content-canvas\" class=\"link \">grenade <\/a>GLIF4, contenant une charge constitu\u00e9e de 25 grammes d\u2019un explosif g\u00e9n\u00e9rant un effet assourdissant, une onde de choc et la dispersion de gaz lacrymog\u00e8ne, sur un rond-point en bas des <a href=\"https:\/\/www.20minutes.fr\/paris\/champs-elysees\/?at_medium=RSS%20feed&amp;at_campaign=ynews&amp;utm_source=yahoo&amp;utm_medium=rss&amp;utm_campaign=news_feed&amp;utm_content=in_article_link\" rel=\"nofollow noopener\" target=\"_blank\" data-ylk=\"slk:Champs-\u00c9lys\u00e9es.;elm:context_link;itc:0;sec:content-canvas\" class=\"link \">Champs-\u00c9lys\u00e9es.<\/a><\/p>\n<p>\u00ab Une r\u00e9ponse n\u00e9cessaire et proportionn\u00e9e \u00bb<\/p>\n<p class=\"mb-4 text-lg md:leading-8 break-words\">Un manifestant, Gabriel Pontonnier, qui \u00e9tait l\u00e0 avec plusieurs membres de sa famille, avait eu la main arrach\u00e9e apr\u00e8s avoir ramass\u00e9 la grenade.<\/p>\n<p class=\"mb-4 text-lg md:leading-8 break-words\">Au vu de \u00ab la situation tr\u00e8s d\u00e9grad\u00e9e \u00bb de la manifestation, \u00ab le tribunal a consid\u00e9r\u00e9 que l\u2019action du major D. constituait une r\u00e9ponse n\u00e9cessaire et proportionn\u00e9e \u00bb, propre \u00e0 l\u2019exercice de ses fonctions de maintien de l\u2019ordre, et ce malgr\u00e9 \u00ab l\u2019issue dramatique \u00bb de son jet de grenade.<\/p>\n<p class=\"mb-4 text-lg md:leading-8 break-words\">Le parquet, qui avait requis lors de l\u2019information judiciaire un non-lieu en faveur du mis en cause, avait demand\u00e9 une relaxe pour ces motifs \u00e0 l\u2019audience du 11 septembre. \u00ab J\u2019ai jet\u00e9 la grenade pour faire reculer les assaillants et faire cesser le nombre de projectiles que mes hommes et moi on re\u00e7oit \u00bb, avait d\u00e9clar\u00e9 le major D. \u00e0 l\u2019audience, affirmant ne pas avoir lanc\u00e9 l\u2019engin \u00ab au milieu des manifestants \u00bb mais entre les CRS et les manifestants.<\/p>\n<p>25 interventions chirurgicales<\/p>\n<p class=\"mb-4 text-lg md:leading-8 break-words\">Gabriel Pontonnier s\u2019(&#8230;)<\/p>\n<p class=\"mb-4 text-lg md:leading-8 break-words\"><a href=\"https:\/\/www.20minutes.fr\/justice\/4180008-20251017-paris-juge-apres-main-arrachee-gilet-jaune-2018-crs-relaxe?at_medium=RSS%20feed&amp;at_campaign=ynews&amp;utm_source=yahoo&amp;utm_medium=rss&amp;utm_campaign=news_feed&amp;utm_content=read_more_link&quot;\" rel=\"nofollow noopener\" target=\"_blank\" data-ylk=\"slk:Lire la suite sur 20minutes;elm:context_link;itc:0;sec:content-canvas\" class=\"link \">Lire la suite sur 20minutes<\/a><\/p>\n<p>\u00c0 lire aussi :<br \/><a href=\"https:\/\/www.20minutes.fr\/justice\/4172638-20250911-gilets-jaunes-grenade-detruits-crs-juge-main-arrachee?at_medium=RSS%20feed&amp;at_campaign=ynews&amp;utm_source=yahoo&amp;utm_medium=rss&amp;utm_campaign=news_feed&amp;utm_content=related_content_link\" rel=\"nofollow noopener\" target=\"_blank\" data-ylk=\"slk:Gilets jaunes : \u00ab Cette grenade nous a d\u00e9truits \u00bb\u2026 Un CRS jug\u00e9 pour une main arrach\u00e9e;elm:context_link;itc:0;sec:content-canvas\" class=\"link \">Gilets jaunes : \u00ab Cette grenade nous a d\u00e9truits \u00bb\u2026 Un CRS jug\u00e9 pour une main arrach\u00e9e<\/a><br \/><a href=\"https:\/\/www.20minutes.fr\/faits_divers\/2443143-20190204-avignon-gilet-jaune-bientot-juge-avoir-mordu-crs?at_medium=RSS%20feed&amp;at_campaign=ynews&amp;utm_source=yahoo&amp;utm_medium=rss&amp;utm_campaign=news_feed&amp;utm_content=related_content_link\" rel=\"nofollow noopener\" target=\"_blank\" data-ylk=\"slk:Avignon: Un \u00abgilet jaune\u00bb bient\u00f4t jug\u00e9 pour avoir mordu un CRS;elm:context_link;itc:0;sec:content-canvas\" class=\"link \">Avignon: Un \u00abgilet jaune\u00bb bient\u00f4t jug\u00e9 pour avoir mordu un CRS<\/a><\/p>\n","protected":false},"excerpt":{"rendered":"Proc\u00e8s &#8211; Le tribunal a consid\u00e9r\u00e9 que le jet de grenade qui a arrach\u00e9 la main d\u2019un Gilet&hellip;\n","protected":false},"author":2,"featured_media":470315,"comment_status":"","ping_status":"","sticky":false,"template":"","format":"standard","meta":{"footnotes":""},"categories":[1888],"tags":[1111,1928,11,1927,1777,674,1011,27,59394,59393,12,1926,626,1925,25,25463],"class_list":{"0":"post-470314","1":"post","2":"type-post","3":"status-publish","4":"format-standard","5":"has-post-thumbnail","7":"category-paris","8":"tag-actu","9":"tag-actu-paris","10":"tag-actualites","11":"tag-actualites-paris","12":"tag-eu","13":"tag-europe","14":"tag-fr","15":"tag-france","16":"tag-gabriel-pontonnier","17":"tag-la-grenade","18":"tag-news","19":"tag-news-paris","20":"tag-paris","21":"tag-paris-news","22":"tag-republique-francaise","23":"tag-tribunal-correctionnel"},"share_on_mastodon":{"url":"https:\/\/pubeurope.com\/@fr\/115390364089268321","error":""},"_links":{"self":[{"href":"https:\/\/www.europesays.com\/fr\/wp-json\/wp\/v2\/posts\/470314","targetHints":{"allow":["GET"]}}],"collection":[{"href":"https:\/\/www.europesays.com\/fr\/wp-json\/wp\/v2\/posts"}],"about":[{"href":"https:\/\/www.europesays.com\/fr\/wp-json\/wp\/v2\/types\/post"}],"author":[{"embeddable":true,"href":"https:\/\/www.europesays.com\/fr\/wp-json\/wp\/v2\/users\/2"}],"replies":[{"embeddable":true,"href":"https:\/\/www.europesays.com\/fr\/wp-json\/wp\/v2\/comments?post=470314"}],"version-history":[{"count":0,"href":"https:\/\/www.europesays.com\/fr\/wp-json\/wp\/v2\/posts\/470314\/revisions"}],"wp:featuredmedia":[{"embeddable":true,"href":"https:\/\/www.europesays.com\/fr\/wp-json\/wp\/v2\/media\/470315"}],"wp:attachment":[{"href":"https:\/\/www.europesays.com\/fr\/wp-json\/wp\/v2\/media?parent=470314"}],"wp:term":[{"taxonomy":"category","embeddable":true,"href":"https:\/\/www.europesays.com\/fr\/wp-json\/wp\/v2\/categories?post=470314"},{"taxonomy":"post_tag","embeddable":true,"href":"https:\/\/www.europesays.com\/fr\/wp-json\/wp\/v2\/tags?post=470314"}],"curies":[{"name":"wp","href":"https:\/\/api.w.org\/{rel}","templated":true}]}}