{"id":470316,"date":"2025-10-17T16:06:21","date_gmt":"2025-10-17T16:06:21","guid":{"rendered":"https:\/\/www.europesays.com\/fr\/470316\/"},"modified":"2025-10-17T16:06:21","modified_gmt":"2025-10-17T16:06:21","slug":"radio-intensite-nogent-le-roi-visite-commentee-de-leglise-saint-sulpice","status":"publish","type":"post","link":"https:\/\/www.europesays.com\/fr\/470316\/","title":{"rendered":"RADIO INTENSITE | NOGENT-LE-ROI &#8211; Visite comment\u00e9e de l\u2019\u00e9glise Saint-Sulpice"},"content":{"rendered":"\n<p lang=\"fr-FR\" align=\"JUSTIFY\">Samedi 25 octobre \u00e0 11h00 \u00e0 Nogent-le-Roi\u00a0: Visite comment\u00e9e de l\u2019\u00e9glise Saint-Sulpice.<\/p>\n<p lang=\"fr-FR\" align=\"JUSTIFY\">La campagne Octobre Rose est d\u00e9di\u00e9e \u00e0 la sensibilisation au d\u00e9pistage du cancer du sein et \u00e0 la collecte de fonds pour la recherche ainsi qu&rsquo;au soutien des personnes touch\u00e9es par la maladie. La Maison du Tourisme a souhait\u00e9 s&rsquo;associer \u00e0 cette mobilisation en organisant une visite comment\u00e9e de l&rsquo;\u00e9glise St Sulpice de Nogent-le-Roi au profit d&rsquo;octobre rose.<\/p>\n<p lang=\"fr-FR\" align=\"JUSTIFY\">Avec ou sans r\u00e9servation, rendez-vous samedi 25 octobre \u00e0 11h00 sur le parvis de l&rsquo;\u00e9glise. <\/p>\n<p lang=\"fr-FR\" align=\"JUSTIFY\">Tarif\u00a0: 3 \u20ac (revers\u00e9 \u00e0 Octobre Rose).<\/p>\n<p lang=\"fr-FR\" align=\"JUSTIFY\">Renseignement et r\u00e9servation au 07 68 06 78 50 ou <a href=\"https:\/\/www.intensite.net\/mailto:lmt.nogent-le-roi@orange.fr\" target=\"_blank\" rel=\"noopener\">lmt.nogent-le-roi@orange.fr<\/a> <\/p>\n","protected":false},"excerpt":{"rendered":"Samedi 25 octobre \u00e0 11h00 \u00e0 Nogent-le-Roi\u00a0: Visite comment\u00e9e de l\u2019\u00e9glise Saint-Sulpice. La campagne Octobre Rose est d\u00e9di\u00e9e&hellip;\n","protected":false},"author":2,"featured_media":470317,"comment_status":"","ping_status":"","sticky":false,"template":"","format":"standard","meta":{"footnotes":""},"categories":[1888],"tags":[11,4763,20887,20886,4396,10036,340,5738,6961,4150,650,1697,20888,1777,1939,674,3696,1349,20889,19290,8181,1011,27,20883,5590,6653,330,1351,10265,20890,635,2742,12,626,4838,6426,1825,20891,20885,11725,17385,25,20892,20893,20894,20895,20896,14356,3552,16335,20884,853,517,20897,602,20898,20899],"class_list":{"0":"post-470316","1":"post","2":"type-post","3":"status-publish","4":"format-standard","5":"has-post-thumbnail","7":"category-paris","8":"tag-actualites","9":"tag-agenda","10":"tag-agenda-complet","11":"tag-agenda-eure-et-loir","12":"tag-atelier","13":"tag-ateliers","14":"tag-bourse","15":"tag-bourses","16":"tag-brocante","17":"tag-ceremonie","18":"tag-cinema","19":"tag-concert","20":"tag-dons-du-sang","21":"tag-eu","22":"tag-eure-et-loir","23":"tag-europe","24":"tag-evenements","25":"tag-expositions","26":"tag-fetes-foraines","27":"tag-feux-dartifices","28":"tag-foires","29":"tag-fr","30":"tag-france","31":"tag-idees-sorties","32":"tag-intensite","33":"tag-jeune-public","34":"tag-jeux","35":"tag-litterature","36":"tag-loto","37":"tag-lotos","38":"tag-marches","39":"tag-nature","40":"tag-news","41":"tag-paris","42":"tag-peche","43":"tag-petanque","44":"tag-radio","45":"tag-randonnees","46":"tag-region-centre-val-de-loir","47":"tag-religions","48":"tag-repas","49":"tag-republique-francaise","50":"tag-reunions","51":"tag-saison-halloween","52":"tag-saison-noel","53":"tag-saison-telethon","54":"tag-saisons-culturelles","55":"tag-salons","56":"tag-seniors","57":"tag-soirees","58":"tag-sortir-en-eure-et-loir","59":"tag-spectacles","60":"tag-sport","61":"tag-thes-dansants","62":"tag-tourisme","63":"tag-ventes-aux-encheres","64":"tag-visites"},"share_on_mastodon":{"url":"","error":"Validation failed: Text character limit of 500 exceeded"},"_links":{"self":[{"href":"https:\/\/www.europesays.com\/fr\/wp-json\/wp\/v2\/posts\/470316","targetHints":{"allow":["GET"]}}],"collection":[{"href":"https:\/\/www.europesays.com\/fr\/wp-json\/wp\/v2\/posts"}],"about":[{"href":"https:\/\/www.europesays.com\/fr\/wp-json\/wp\/v2\/types\/post"}],"author":[{"embeddable":true,"href":"https:\/\/www.europesays.com\/fr\/wp-json\/wp\/v2\/users\/2"}],"replies":[{"embeddable":true,"href":"https:\/\/www.europesays.com\/fr\/wp-json\/wp\/v2\/comments?post=470316"}],"version-history":[{"count":0,"href":"https:\/\/www.europesays.com\/fr\/wp-json\/wp\/v2\/posts\/470316\/revisions"}],"wp:featuredmedia":[{"embeddable":true,"href":"https:\/\/www.europesays.com\/fr\/wp-json\/wp\/v2\/media\/470317"}],"wp:attachment":[{"href":"https:\/\/www.europesays.com\/fr\/wp-json\/wp\/v2\/media?parent=470316"}],"wp:term":[{"taxonomy":"category","embeddable":true,"href":"https:\/\/www.europesays.com\/fr\/wp-json\/wp\/v2\/categories?post=470316"},{"taxonomy":"post_tag","embeddable":true,"href":"https:\/\/www.europesays.com\/fr\/wp-json\/wp\/v2\/tags?post=470316"}],"curies":[{"name":"wp","href":"https:\/\/api.w.org\/{rel}","templated":true}]}}