{"id":470324,"date":"2025-10-17T16:10:11","date_gmt":"2025-10-17T16:10:11","guid":{"rendered":"https:\/\/www.europesays.com\/fr\/470324\/"},"modified":"2025-10-17T16:10:11","modified_gmt":"2025-10-17T16:10:11","slug":"usa-bolton-plaide-non-coupable-au-lendemain-de-son-inculpation-17-10-2025-a-1755","status":"publish","type":"post","link":"https:\/\/www.europesays.com\/fr\/470324\/","title":{"rendered":"USA-Bolton plaide non coupable au lendemain de son inculpation &#8211; 17\/10\/2025 \u00e0 17:55"},"content":{"rendered":"<p>\n par Sarah N. Lynch et Jack Queen\n<\/p>\n<p>\n John Bolton,<br \/>\nancien conseiller am\u00e9ricain \u00e0 la s\u00e9curit\u00e9 nationale et d\u00e9sormais<br \/>\ncritique virulent de Donald Trump, a plaid\u00e9 non coupable<br \/>\nvendredi des accusations de mauvaise gestion d&rsquo;informations<br \/>\nclassifi\u00e9es.\n<\/p>\n<p>\n Inculp\u00e9 jeudi, John Bolton est le troisi\u00e8me opposant de<br \/>\npremier plan du pr\u00e9sident am\u00e9ricain \u00e0 \u00eatre poursuivi ces<br \/>\nderni\u00e8res semaines, alors que Donald Trump s&rsquo;affranchit de<br \/>\nnormes \u00e9tablies depuis des d\u00e9cennies visant \u00e0 prot\u00e9ger la<br \/>\njustice f\u00e9d\u00e9rale des pressions politiques.\n<\/p>\n<p>\n \u00ab\u00a0Non coupable\u00a0\u00bb, a-t-il dit au juge qui lui demandait s&rsquo;il<br \/>\nreconnaissait sa culpabilit\u00e9.\n<\/p>\n<p>\n L&rsquo;acte d&rsquo;accusation lui reproche d&rsquo;avoir partag\u00e9 des<br \/>\ninformations sensibles avec deux proches pour un livre en<br \/>\npr\u00e9paration, notamment des notes sur des briefings de<br \/>\nrenseignement et des r\u00e9unions avec des responsables<br \/>\ngouvernementaux et des dirigeants \u00e9trangers.\n<\/p>\n<p>\n Son avocat, Abbe Lowell, a affirm\u00e9 que John Bolton n&rsquo;avait<br \/>\n\u00ab\u00a0ni partag\u00e9 ni conserv\u00e9 ill\u00e9galement\u00a0\u00bb d&rsquo;informations sensibles.\n<\/p>\n<p>\n L&rsquo;enqu\u00eate, ouverte en 2022 avant le retour de Donald Trump \u00e0<br \/>\nla Maison blanche, est jug\u00e9e plus solide que celles visant James<br \/>\nComey et Letitia James, selon une source proche du dossier.\n<\/p>\n<p>\n L&rsquo;acte d&rsquo;accusation, d\u00e9pos\u00e9 devant un tribunal f\u00e9d\u00e9ral du<br \/>\nMaryland, comprend huit chefs de transmission d&rsquo;informations<br \/>\nrelatives \u00e0 la d\u00e9fense nationale et dix chefs de r\u00e9tention, tous<br \/>\nen violation de l&rsquo;Espionage Act. Chaque chef est passible de dix<br \/>\nans de prison.\n<\/p>\n<p>\n (R\u00e9dig\u00e9 par Sarah N. Lynch et Jack Queen; version fran\u00e7aise<br \/>\nNicolas Delame, \u00e9dit\u00e9 par Kate Entringer)<\/p>\n","protected":false},"excerpt":{"rendered":"par Sarah N. Lynch et Jack Queen John Bolton, ancien conseiller am\u00e9ricain \u00e0 la s\u00e9curit\u00e9 nationale et d\u00e9sormais&hellip;\n","protected":false},"author":2,"featured_media":2486,"comment_status":"","ping_status":"","sticky":false,"template":"","format":"standard","meta":{"footnotes":""},"categories":[1589],"tags":[400,11,398,408,405,73,1866,403,402,399,404,12,401,406,1864,1865,1863,308,407],"class_list":{"0":"post-470324","1":"post","2":"type-post","3":"status-publish","4":"format-standard","5":"has-post-thumbnail","7":"category-etats-unis","8":"tag-action-cac-40","9":"tag-actualites","10":"tag-bourse-de-paris","11":"tag-boursorama","12":"tag-cotations","13":"tag-etats-unis","14":"tag-etats-unis-damerique","15":"tag-indices-devises","16":"tag-investir","17":"tag-investissement","18":"tag-marche-boursier","19":"tag-news","20":"tag-sicav","21":"tag-trackers","22":"tag-united-states","23":"tag-united-states-of-america","24":"tag-us","25":"tag-usa","26":"tag-warrants"},"share_on_mastodon":{"url":"https:\/\/pubeurope.com\/@fr\/115390383670408668","error":""},"_links":{"self":[{"href":"https:\/\/www.europesays.com\/fr\/wp-json\/wp\/v2\/posts\/470324","targetHints":{"allow":["GET"]}}],"collection":[{"href":"https:\/\/www.europesays.com\/fr\/wp-json\/wp\/v2\/posts"}],"about":[{"href":"https:\/\/www.europesays.com\/fr\/wp-json\/wp\/v2\/types\/post"}],"author":[{"embeddable":true,"href":"https:\/\/www.europesays.com\/fr\/wp-json\/wp\/v2\/users\/2"}],"replies":[{"embeddable":true,"href":"https:\/\/www.europesays.com\/fr\/wp-json\/wp\/v2\/comments?post=470324"}],"version-history":[{"count":0,"href":"https:\/\/www.europesays.com\/fr\/wp-json\/wp\/v2\/posts\/470324\/revisions"}],"wp:featuredmedia":[{"embeddable":true,"href":"https:\/\/www.europesays.com\/fr\/wp-json\/wp\/v2\/media\/2486"}],"wp:attachment":[{"href":"https:\/\/www.europesays.com\/fr\/wp-json\/wp\/v2\/media?parent=470324"}],"wp:term":[{"taxonomy":"category","embeddable":true,"href":"https:\/\/www.europesays.com\/fr\/wp-json\/wp\/v2\/categories?post=470324"},{"taxonomy":"post_tag","embeddable":true,"href":"https:\/\/www.europesays.com\/fr\/wp-json\/wp\/v2\/tags?post=470324"}],"curies":[{"name":"wp","href":"https:\/\/api.w.org\/{rel}","templated":true}]}}