{"id":470327,"date":"2025-10-17T16:12:18","date_gmt":"2025-10-17T16:12:18","guid":{"rendered":"https:\/\/www.europesays.com\/fr\/470327\/"},"modified":"2025-10-17T16:12:18","modified_gmt":"2025-10-17T16:12:18","slug":"il-faut-faire-confiance-a-la-glace-confie-jimmy-jouette-avant-le-france-sur-glace-en-allemagne","status":"publish","type":"post","link":"https:\/\/www.europesays.com\/fr\/470327\/","title":{"rendered":"\u00ab\u00a0Il faut faire confiance \u00e0 la glace\u00a0\u00bb, confie Jimmy Jouette, avant le France sur glace en Allemagne"},"content":{"rendered":"<p>Championnats de France longue distance sur glace, samedi et dimanche \u00e0 Inzell (Allemagne)<\/p>\n<p>Jimmy Jouette est parti vivre au Canada en ao\u00fbt 2022, sur les conseils de Gwendal Le Pivert, un autre Costarmoricain. Le lieu id\u00e9al pour s\u2019adonner au patinage de vitesse sur glace. \u00ab Un anneau de 400 m\u00e8tres a ouvert \u00e0 Qu\u00e9bec, il y a quatre ans. Depuis le mois d\u2019avril, je m\u2019entra\u00eene avec l\u2019\u00e9quipe du Canada \u00bb. Parall\u00e8lement, Jimmy Jouette travaille \u00e0 mi-temps pour le Groupe Master o\u00f9 il a effectu\u00e9 son stage de fin d\u2019\u00e9tudes, afin de valider son dipl\u00f4me d\u2019ing\u00e9nieur \u00e0 l\u2019INSA Rennes. \u00ab Je m\u2019occupe notamment de gros projets de centrales de traitement d\u2019air \u00bb. \u00c0 28 ans, le Quintinais se d\u00e9crit lui-m\u00eame comme un comp\u00e9titeur \u00e0 maturation tardive, <a href=\"https:\/\/www.letelegramme.fr\/sports\/athletisme\/tom-jouette-jesperais-etre-le-podium-jy-suis-6537207.php\" target=\"_blank\" rel=\"noopener\">comme son fr\u00e8re et athl\u00e8te Tom, sp\u00e9cialiste du cross, du 1 500 et du 3 000 m<\/a>. \u00ab <a href=\"https:\/\/www.letelegramme.fr\/sports\/omnisports\/les-freres-jouette-a-la-conquete-de-l-ouest-175374.php\" target=\"_blank\" rel=\"noopener\">On n\u2019est pas les plus talentueux, mais on est des bosseurs !<\/a> \u00bb.<\/p>\n<p>Du roller \u00e0 la glace<\/p>\n<p>La transition roller-glace a \u00e9t\u00e9 \u00e9prouv\u00e9e par le Malouin Alexis Contin. Patins aux pieds, Jimmy Jouette a n\u00e9anmoins d\u00fb se r\u00e9inventer. \u00ab Visuellement, la technique est proche de celle du roller. Mais, contrairement aux roues, la lame ne quitte jamais la glace, il faut faire confiance \u00e0 la glace, \u00eatre beaucoup plus pr\u00e9cis. Ce n\u2019est pas exactement le m\u00eame feeling, on va aussi plus vite \u00bb Les sensations y sont clairement d\u00e9cupl\u00e9es. \u00ab C\u2019est le kif int\u00e9gral ! \u00bb, s\u2019enthousiasme le Costarmoricain qui s\u2019est \u00e9galement m\u00e9tamorphos\u00e9 physiquement.<\/p>\n<p><img decoding=\"async\" src=\"https:\/\/www.europesays.com\/fr\/wp-content\/uploads\/2025\/10\/68f258fd2255c8a5e807f2e2.1.jpeg\" width=\"480\" height=\"300\" class=\"web_golden_m\" loading=\"lazy\" alt=\"Le Quintinais Jimmy Jouette vit depuis trois ans au Qu\u00e9bec afin d\u2019assouvir sa passion pour le patinage de vitesse sur glace.\"\/>Le Quintinais Jimmy Jouette vit depuis trois ans au Qu\u00e9bec afin d\u2019assouvir sa passion pour le patinage de vitesse sur glace. (Photo FFRS\/Alexis Imenez)De la courte \u00e0 la longue distance<\/p>\n<p>D\u2019abord tourn\u00e9 vers la vitesse, Jimmy Jouette s\u2019est sp\u00e9cialis\u00e9 depuis deux ans et demi dans la longue distance. En l\u2019occurrence, le 10 000 m, la poursuite par \u00e9quipes, mais surtout le 5 000 m qui va l\u2019accaparer d\u00e8s ce samedi \u00e0 Inzell, dans les Alpes bavaroises.<\/p>\n<p>S\u2019il termine parmi les deux premiers, il int\u00e9grera la pr\u00e9paration olympique pour les Jeux d\u2019hiver 2026, \u00e0 Milan. Mais son premier objectif est d\u2019int\u00e9grer le circuit Coupe du monde et de viser les Jeux de 2030 dans les Alpes fran\u00e7aises. \u00ab C\u2019est un sport o\u00f9 il faut savoir se g\u00e9rer, le lactate peut monter tr\u00e8s vite \u00bb, sait le patineur au long cours.<\/p>\n<p>Du projet \u00e0 la r\u00e9alit\u00e9<\/p>\n<p>\u00ab Au d\u00e9but, je ne pensais pas que ce projet \u00e9tait possible, que c\u2019\u00e9tait trop co\u00fbteux, avoue l\u2019int\u00e9ress\u00e9. Maintenant, on est aid\u00e9. La F\u00e9d\u00e9ration de roller a r\u00e9cup\u00e9r\u00e9 (en 2023) la longue piste sur glace. \u00c0 Inzell, on est log\u00e9, il y a le staff de l\u2019\u00c9quipe de France avec nous \u00bb.<\/p>\n<p>Pour autant, le Quintinais n\u2019a pas encore le budget suffisant pour boucler une saison dans son enti\u00e8ret\u00e9. Comme ses camarades, il a donc lanc\u00e9 une cagnotte en ligne via l\u2019Agence Nationale du Sport (ANS) sur le site soutienstonsportif (Jimmy Jouette &#8211; Patineur de vitesse longue piste).<\/p>\n<p>D\u2019aspirant \u00e0 outsider<\/p>\n<p>Le meilleur Fran\u00e7ais sur glace se nomme Timothy Loubineaud. \u00ab Cette ann\u00e9e, il a eu un d\u00e9clic \u00e9norme, gagn\u00e9 deux mass-start en Coupe du monde \u00bb. Sur cette fameuse distance de 5 000 m, <a href=\"https:\/\/www.letelegramme.fr\/sports\/roller-skating\/je-ne-vis-de-quasiment-rien-patineur-pro-giovanni-trebouta-lutte-contre-la-precarite-6804829.php\" target=\"_blank\" rel=\"noopener\">le Guingampais Giovanni Tr\u00e9bouta<\/a>, le Dinannais Germain Deschamps ainsi que Valentin Thi\u00e9bauld seront ses premiers concurrents. \u00ab J\u2019arrive juste apr\u00e8s, je serai \u00ab l\u2019underdog \u00bb (l\u2019outsider) comme ils disent au Canada ! \u00bb<\/p>\n<p class=\"tech\"><strong class=\"tech\">Les Bretons \u00e0 Inzell<\/strong> : Mathilde Pedronno (Locmin\u00e9), Julia Nizan (Locmin\u00e9), Giovanni Tr\u00e9bouta (Guingamp), Germain Deschamps (Dinan), Jimmy Jouette (Quintin), Mathieu et Martin Belloir (Saint-Malo).<\/p>\n","protected":false},"excerpt":{"rendered":"Championnats de France longue distance sur glace, samedi et dimanche \u00e0 Inzell (Allemagne) Jimmy Jouette est parti vivre&hellip;\n","protected":false},"author":2,"featured_media":470328,"comment_status":"","ping_status":"","sticky":false,"template":"","format":"standard","meta":{"footnotes":""},"categories":[1587],"tags":[11,672,1804,1805,1803,1777,674,1801,12,41926,59395,6608,1802,60],"class_list":{"0":"post-470327","1":"post","2":"type-post","3":"status-publish","4":"format-standard","5":"has-post-thumbnail","7":"category-allemagne","8":"tag-actualites","9":"tag-allemagne","10":"tag-bundesrepublik-deutschland","11":"tag-de","12":"tag-deutschland","13":"tag-eu","14":"tag-europe","15":"tag-germany","16":"tag-news","17":"tag-patinage-artistique","18":"tag-patinage-sur-roulettes","19":"tag-quintin","20":"tag-republique-federale-dallemagne","21":"tag-sports"},"share_on_mastodon":{"url":"https:\/\/pubeurope.com\/@fr\/115390392113455348","error":""},"_links":{"self":[{"href":"https:\/\/www.europesays.com\/fr\/wp-json\/wp\/v2\/posts\/470327","targetHints":{"allow":["GET"]}}],"collection":[{"href":"https:\/\/www.europesays.com\/fr\/wp-json\/wp\/v2\/posts"}],"about":[{"href":"https:\/\/www.europesays.com\/fr\/wp-json\/wp\/v2\/types\/post"}],"author":[{"embeddable":true,"href":"https:\/\/www.europesays.com\/fr\/wp-json\/wp\/v2\/users\/2"}],"replies":[{"embeddable":true,"href":"https:\/\/www.europesays.com\/fr\/wp-json\/wp\/v2\/comments?post=470327"}],"version-history":[{"count":0,"href":"https:\/\/www.europesays.com\/fr\/wp-json\/wp\/v2\/posts\/470327\/revisions"}],"wp:featuredmedia":[{"embeddable":true,"href":"https:\/\/www.europesays.com\/fr\/wp-json\/wp\/v2\/media\/470328"}],"wp:attachment":[{"href":"https:\/\/www.europesays.com\/fr\/wp-json\/wp\/v2\/media?parent=470327"}],"wp:term":[{"taxonomy":"category","embeddable":true,"href":"https:\/\/www.europesays.com\/fr\/wp-json\/wp\/v2\/categories?post=470327"},{"taxonomy":"post_tag","embeddable":true,"href":"https:\/\/www.europesays.com\/fr\/wp-json\/wp\/v2\/tags?post=470327"}],"curies":[{"name":"wp","href":"https:\/\/api.w.org\/{rel}","templated":true}]}}