{"id":470329,"date":"2025-10-17T16:13:09","date_gmt":"2025-10-17T16:13:09","guid":{"rendered":"https:\/\/www.europesays.com\/fr\/470329\/"},"modified":"2025-10-17T16:13:09","modified_gmt":"2025-10-17T16:13:09","slug":"lenquete-video-de-cnn-sur-les-survols-suspects-de-drones-en-europe","status":"publish","type":"post","link":"https:\/\/www.europesays.com\/fr\/470329\/","title":{"rendered":"L\u2019enqu\u00eate vid\u00e9o de CNN sur les survols suspects de drones en Europe"},"content":{"rendered":"\n<p>Depuis le 16\u00a0septembre, au moins 18 drones suspects ont \u00e9t\u00e9 aper\u00e7us au Danemark, en Su\u00e8de, en Norv\u00e8ge ou encore en Allemagne. La plupart d\u2019entre eux volaient \u00e0 proximit\u00e9 d\u2019a\u00e9roports ou de sites militaires, perturbant ainsi grandement le trafic a\u00e9rien. Assez rapidement, \u201cla Russie est accus\u00e9e d\u2019\u00eatre derri\u00e8re tout \u00e7a\u201d, relate Katie Polglase, une journaliste du service Enqu\u00eate <a class=\"ithalc\" data-ithal=\"lien_externe\" data-ithalc=\"[nav_article]\" target=\"_blank\" href=\"https:\/\/www.youtube.com\/watch?v=kmzKY6r7e2I\" rel=\"noopener\">de la <strong>CNN,<\/strong> dans une vid\u00e9o publi\u00e9e sur la cha\u00eene YouTube du m\u00e9dia le 16\u00a0octobre<\/a>.<\/p>\n<p>\u201cMais soup\u00e7onner la Russie est beaucoup plus facile que de prouver son implication\u201d, poursuit-elle. Face \u00e0 ces accusations, la journaliste am\u00e9ricaine s\u2019est int\u00e9ress\u00e9e \u00e0 une th\u00e9orie avanc\u00e9e par plusieurs services de renseignements europ\u00e9ens\u00a0: celle de l\u2019existence d\u2019une \u201cflotte fant\u00f4me russe\u201d, qui naviguerait dans les eaux europ\u00e9ennes en battant pavillon \u00e9tranger et \u00e0 partir de laquelle seraient lanc\u00e9s les drones.<\/p>\n<p>Elle cite notamment l\u2019incident du 22\u00a0septembre, au cours duquel plusieurs appareils suspects ont \u00e9t\u00e9 aper\u00e7us pr\u00e8s de l\u2019a\u00e9roport de Copenhague, au Danemark. D\u2019apr\u00e8s elle, \u201cdeux navires li\u00e9s \u00e0 la Russie et vis\u00e9s par des sanctions occidentales se trouvaient \u00e0 proximit\u00e9 au moment des faits\u201d. Le premier aurait m\u00eame \u00e9t\u00e9 observ\u00e9 \u00e0 \u201cmoins de 100\u00a0kilom\u00e8tres de l\u2019a\u00e9roport\u201d de Copenhague, avant de reprendre sa route vers Saint-P\u00e9tersbourg. Le second \u201ca fait tout le tour des c\u00f4tes danoises, passant \u00e0 proximit\u00e9 de plusieurs autres a\u00e9roports et installations militaires o\u00f9 des drones ont \u00e9t\u00e9 signal\u00e9s\u201d.<\/p>\n<p>Lorsque ce navire <a href=\"https:\/\/www.courrierinternational.com\/article\/vu-de-l-etranger-le-mystere-du-boracay-petrolier-de-la-flotte-fantome-russe-arraisonne-par-la-france_235784\" target=\"_blank\" rel=\"noopener\">a \u00e9t\u00e9 intercept\u00e9 par les autorit\u00e9s fran\u00e7aises<\/a> \u201cpour des infractions au droit maritime\u201d, aucune trace de drone n\u2019y a \u00e9t\u00e9 trouv\u00e9e. Mais, selon \u201cune source proche des milieux fran\u00e7ais de la d\u00e9fense\u201d interrog\u00e9e par la journaliste, \u201cle vaisseau peut tr\u00e8s bien avoir servi de plateforme de lancement sans que cela laisse la moindre trace d\u00e9tectable \u00e0 bord\u201d.<\/p>\n","protected":false},"excerpt":{"rendered":"Depuis le 16\u00a0septembre, au moins 18 drones suspects ont \u00e9t\u00e9 aper\u00e7us au Danemark, en Su\u00e8de, en Norv\u00e8ge ou&hellip;\n","protected":false},"author":2,"featured_media":470330,"comment_status":"","ping_status":"","sticky":false,"template":"","format":"standard","meta":{"footnotes":""},"categories":[1586],"tags":[11,2024,1777,674,1011,27,1892,12,25,132,17344],"class_list":{"0":"post-470329","1":"post","2":"type-post","3":"status-publish","4":"format-standard","5":"has-post-thumbnail","7":"category-europe","8":"tag-actualites","9":"tag-drones","10":"tag-eu","11":"tag-europe","12":"tag-fr","13":"tag-france","14":"tag-gu00e9opolitique","15":"tag-news","16":"tag-republique-francaise","17":"tag-russie","18":"tag-vidu00e9o"},"share_on_mastodon":{"url":"https:\/\/pubeurope.com\/@fr\/115390395505335436","error":""},"_links":{"self":[{"href":"https:\/\/www.europesays.com\/fr\/wp-json\/wp\/v2\/posts\/470329","targetHints":{"allow":["GET"]}}],"collection":[{"href":"https:\/\/www.europesays.com\/fr\/wp-json\/wp\/v2\/posts"}],"about":[{"href":"https:\/\/www.europesays.com\/fr\/wp-json\/wp\/v2\/types\/post"}],"author":[{"embeddable":true,"href":"https:\/\/www.europesays.com\/fr\/wp-json\/wp\/v2\/users\/2"}],"replies":[{"embeddable":true,"href":"https:\/\/www.europesays.com\/fr\/wp-json\/wp\/v2\/comments?post=470329"}],"version-history":[{"count":0,"href":"https:\/\/www.europesays.com\/fr\/wp-json\/wp\/v2\/posts\/470329\/revisions"}],"wp:featuredmedia":[{"embeddable":true,"href":"https:\/\/www.europesays.com\/fr\/wp-json\/wp\/v2\/media\/470330"}],"wp:attachment":[{"href":"https:\/\/www.europesays.com\/fr\/wp-json\/wp\/v2\/media?parent=470329"}],"wp:term":[{"taxonomy":"category","embeddable":true,"href":"https:\/\/www.europesays.com\/fr\/wp-json\/wp\/v2\/categories?post=470329"},{"taxonomy":"post_tag","embeddable":true,"href":"https:\/\/www.europesays.com\/fr\/wp-json\/wp\/v2\/tags?post=470329"}],"curies":[{"name":"wp","href":"https:\/\/api.w.org\/{rel}","templated":true}]}}