{"id":470339,"date":"2025-10-17T16:18:10","date_gmt":"2025-10-17T16:18:10","guid":{"rendered":"https:\/\/www.europesays.com\/fr\/470339\/"},"modified":"2025-10-17T16:18:10","modified_gmt":"2025-10-17T16:18:10","slug":"martin-couvra-7e-du-dp-world-india-championship-tommy-fleetwood-prend-la-tete-lequipe","status":"publish","type":"post","link":"https:\/\/www.europesays.com\/fr\/470339\/","title":{"rendered":"Martin Couvra 7e du DP World India Championship, Tommy Fleetwood prend la t\u00eate &#8211; L&#039;\u00c9quipe"},"content":{"rendered":"<ol>\n<li><a href=\"https:\/\/news.google.com\/rss\/articles\/CBMiwgFBVV95cUxPR2ozaXJiakRzczBDcFR0UWZZMURnbnN1QjJweE1JUXJPMk9SallnUkNNdm84WXpKT0ktbEU1MUlKcERIZjRZRGRhYlRhSDRxRHpES2ZGa2huamhCOGtMczlmNC13OXZBX3M4cHloeXRxLU85Y0NkSlFDLWdjbERkLVZ5d0diRVU3YTdtbmc2eUU3aml3YTBTZ0NadEgyZk1sN0x0UU01MnVkRFdRVTJtaEdGcDRqcVFHTW8wOUNFMU15UQ?oc=5\" target=\"_blank\" rel=\"nofollow noopener\">Martin Couvra 7e du DP World India Championship, Tommy Fleetwood prend la t\u00eate<\/a>&nbsp;&nbsp;L&rsquo;\u00c9quipe<\/li>\n<li><a href=\"https:\/\/news.google.com\/rss\/articles\/CBMihwJBVV95cUxNS2I3MzZYUlVpekJhNkhMUHVCWFRUdXZ5cHdlYjEyTVo1Z2l3WGlwcmtzX1FDdk1QSTNjbGNuMkpEWWNnSU9VaC1weGpNNk1KaUdwR050RkdSRkd3bVZuTlpwcUJXejBRZDNhVkk0S1g2aGRXb2Nyc1JmZXJ6VzFPSFpIZ2pvb2EwdXNYMGJRVnV3RkJ2WTdfQnc0VWdjTEdiUXdIb25fTWJjcGRiOU12VjgyM3BJcFhtSmo0NkQxQXZTVnBQcG1OUl9zVENUb25XYklRTjFKSVVacU1iTGh5bmRkTk9maHctRjZBY0JPQWpSUngxS2toSk5yWmw1WXdGSEJ5d3VXWQ?oc=5\" target=\"_blank\" rel=\"nofollow noopener\">Golf. DPW &#8211; India Championship: Fleetwood passe devant Lowry, Martin Couvra sort du bois (66)<\/a>&nbsp;&nbsp;Ouest-France<\/li>\n<li><a href=\"https:\/\/news.google.com\/rss\/articles\/CBMixAFBVV95cUxOZERZdmRJWUZPLWJ6V2ZOT2NDOUlkM3RpM04xYW9YRW1nUDVOTU9Eb21TXzg4aHkyMXZobWpTWHB0LUp4RXRQb1lRcmhaUmprRkc4Qi0yQlJCLW84R2FmQnQ0WWpXNEJGQXJibUxzMjRyNFhCMXlNbGh2anVUbGRWejhnVE5keVYxNXhZeThMUlJqYVZUZW9Ca3QxYnJkTE94V0dvbFYzUjZzRTJwN1pzU0VWWHRLTGRsaV9sUElISlljVFNX?oc=5\" target=\"_blank\" rel=\"nofollow noopener\">Pourquoi Rory (et les autres) ont-ils choisi de laisser leur driver au vestiaire en Inde ?<\/a>&nbsp;&nbsp;Golf Plan\u00e8te<\/li>\n<li><a href=\"https:\/\/news.google.com\/rss\/articles\/CBMimgFBVV95cUxPU1o5N1poY2ZPWUdsZy1lYWRyVjFRS1Q5OFZ3WUNJU3N2aERySjBkQnNTSXZicXNzc0J1d0wtWGtYU1NmNnhYZmY0Rk1JbE53aWJ5d2U0MC1RZXpPRHBrTjdTbEZTdFpSMzdrMEE2bURWdnNYcXhITVlrUDUxS2tFRFFkMlZMMElrZ2hfVTZQZVZZcHBDZWFYYW53?oc=5\" target=\"_blank\" rel=\"nofollow noopener\">Golf professionnel : C\u00e9line Boutier se replace<\/a>&nbsp;&nbsp;F\u00e9d\u00e9ration fran\u00e7aise de golf (ffgolf)<\/li>\n<li><a href=\"https:\/\/news.google.com\/rss\/articles\/CBMigAJBVV95cUxQZGRnRXV5N2NwQUF5cnVRa19SLU1hc29BVV9acEtEaHV1R0JfY3Q1ZjBtSzZQeC1ZRmxXV0F4Qk9Rcnh1MWV3eXBySmZSdkx1U0ZJYmZNWTN1VlUyakRBVlo0TTF5SmxEVDlPYXNBYXZpc25yWEwzWTZDTndLWi0wTmhsYVZ4X1NLNUZQNG9EZEdlTUl6bEVBMTgwZjhLcUttRHZNLXZ1TDFxTTd5WFVHcm5tRU4xLU1BaGxhY0hFNlVlcUxTM2hCb1BnbVJlY21Rb1hhUjltNElxNlZicDZhWjgxSE95NW1uWFh0WG43cFZVTG1wcHFyOUdJVzI5bDB4?oc=5\" target=\"_blank\" rel=\"nofollow noopener\">DP World Tour &#8211; Nicolas Colsaerts se classe 44e apr\u00e8s le premier tour de l&rsquo;India Championship<\/a>&nbsp;&nbsp;La Libre.be<\/li>\n<\/ol>\n","protected":false},"excerpt":{"rendered":"Martin Couvra 7e du DP World India Championship, Tommy Fleetwood prend la t\u00eate&nbsp;&nbsp;L&rsquo;\u00c9quipe Golf. DPW &#8211; India Championship:&hellip;\n","protected":false},"author":2,"featured_media":470340,"comment_status":"","ping_status":"","sticky":false,"template":"","format":"standard","meta":{"footnotes":""},"categories":[1418],"tags":[1011,27,1472,60],"class_list":{"0":"post-470339","1":"post","2":"type-post","3":"status-publish","4":"format-standard","5":"has-post-thumbnail","7":"category-golf","8":"tag-fr","9":"tag-france","10":"tag-golf","11":"tag-sports"},"share_on_mastodon":{"url":"https:\/\/pubeurope.com\/@fr\/115390415039279305","error":""},"_links":{"self":[{"href":"https:\/\/www.europesays.com\/fr\/wp-json\/wp\/v2\/posts\/470339","targetHints":{"allow":["GET"]}}],"collection":[{"href":"https:\/\/www.europesays.com\/fr\/wp-json\/wp\/v2\/posts"}],"about":[{"href":"https:\/\/www.europesays.com\/fr\/wp-json\/wp\/v2\/types\/post"}],"author":[{"embeddable":true,"href":"https:\/\/www.europesays.com\/fr\/wp-json\/wp\/v2\/users\/2"}],"replies":[{"embeddable":true,"href":"https:\/\/www.europesays.com\/fr\/wp-json\/wp\/v2\/comments?post=470339"}],"version-history":[{"count":0,"href":"https:\/\/www.europesays.com\/fr\/wp-json\/wp\/v2\/posts\/470339\/revisions"}],"wp:featuredmedia":[{"embeddable":true,"href":"https:\/\/www.europesays.com\/fr\/wp-json\/wp\/v2\/media\/470340"}],"wp:attachment":[{"href":"https:\/\/www.europesays.com\/fr\/wp-json\/wp\/v2\/media?parent=470339"}],"wp:term":[{"taxonomy":"category","embeddable":true,"href":"https:\/\/www.europesays.com\/fr\/wp-json\/wp\/v2\/categories?post=470339"},{"taxonomy":"post_tag","embeddable":true,"href":"https:\/\/www.europesays.com\/fr\/wp-json\/wp\/v2\/tags?post=470339"}],"curies":[{"name":"wp","href":"https:\/\/api.w.org\/{rel}","templated":true}]}}