{"id":470341,"date":"2025-10-17T16:20:21","date_gmt":"2025-10-17T16:20:21","guid":{"rendered":"https:\/\/www.europesays.com\/fr\/470341\/"},"modified":"2025-10-17T16:20:21","modified_gmt":"2025-10-17T16:20:21","slug":"top-14-laviron-bayonnais-officialise-la-prolongation-de-son-manager-gregory-patat","status":"publish","type":"post","link":"https:\/\/www.europesays.com\/fr\/470341\/","title":{"rendered":"Top 14 &#8211; L\u2019Aviron bayonnais officialise la prolongation de son manager Gr\u00e9gory Patat"},"content":{"rendered":"<p>\n                L\u2019Aviron bayonnais a officialis\u00e9 la prolongation pour deux saisons de son actuel manager, Gr\u00e9gory Patat.\n            <\/p>\n<p>Quelques heures apr\u00e8s l\u2019annonce de la prolongation de son pilier gauche Andy Bordelai, l\u2019Aviron bayonnais a officialis\u00e9 ce vendredi matin\u00a0la prolongation de son manager Gr\u00e9gory Patat pour les deux prochaines saisons. Le technicien est d\u00e9sormais li\u00e9 au club basque jusqu\u2019en 2028.<\/p>\n<p>Arriv\u00e9 sur la c\u00f4te basque en 2022 apr\u00e8s trois saisons pass\u00e9es \u00e0 La\u00a0Rochelle en qualit\u00e9 d\u2019entra\u00eeneur des avants et deux mandats du c\u00f4t\u00e9 d\u2019Auch (2009-2014) et Perpignan (2014-2015) o\u00f9 il \u00e9tait entra\u00eeneur principal, le Gersois, de retour au poste de num\u00e9ro\u00a01, avait aid\u00e9 l\u2019Aviron \u00e0 se hisser\u00a0en demi-finale de Top 14 la saison derni\u00e8re. L\u2019Aviron avait finalement perdu contre le Stade toulousain, futur champion, sur le score de 32 \u00e0 25. Une qualification historique\u00a0puisque Bayonne n\u2019avait pas disput\u00e9 de demi-finale de championnat de France depuis 42 ans. Cette prolongation peut ainsi \u00eatre vue comme un signe de stabilit\u00e9 du c\u00f4t\u00e9 de Jean-Dauger, et offre de la visibilit\u00e9 sur l\u2019avenir sportif du club basque.<\/p>\n","protected":false},"excerpt":{"rendered":"L\u2019Aviron bayonnais a officialis\u00e9 la prolongation pour deux saisons de son actuel manager, Gr\u00e9gory Patat. Quelques heures apr\u00e8s&hellip;\n","protected":false},"author":2,"featured_media":470342,"comment_status":"","ping_status":"","sticky":false,"template":"","format":"standard","meta":{"footnotes":""},"categories":[1416],"tags":[1011,27,479,1468,60],"class_list":{"0":"post-470341","1":"post","2":"type-post","3":"status-publish","4":"format-standard","5":"has-post-thumbnail","7":"category-rugby","8":"tag-fr","9":"tag-france","10":"tag-rugby","11":"tag-rugby-football","12":"tag-sports"},"share_on_mastodon":{"url":"https:\/\/pubeurope.com\/@fr\/115390422948696606","error":""},"_links":{"self":[{"href":"https:\/\/www.europesays.com\/fr\/wp-json\/wp\/v2\/posts\/470341","targetHints":{"allow":["GET"]}}],"collection":[{"href":"https:\/\/www.europesays.com\/fr\/wp-json\/wp\/v2\/posts"}],"about":[{"href":"https:\/\/www.europesays.com\/fr\/wp-json\/wp\/v2\/types\/post"}],"author":[{"embeddable":true,"href":"https:\/\/www.europesays.com\/fr\/wp-json\/wp\/v2\/users\/2"}],"replies":[{"embeddable":true,"href":"https:\/\/www.europesays.com\/fr\/wp-json\/wp\/v2\/comments?post=470341"}],"version-history":[{"count":0,"href":"https:\/\/www.europesays.com\/fr\/wp-json\/wp\/v2\/posts\/470341\/revisions"}],"wp:featuredmedia":[{"embeddable":true,"href":"https:\/\/www.europesays.com\/fr\/wp-json\/wp\/v2\/media\/470342"}],"wp:attachment":[{"href":"https:\/\/www.europesays.com\/fr\/wp-json\/wp\/v2\/media?parent=470341"}],"wp:term":[{"taxonomy":"category","embeddable":true,"href":"https:\/\/www.europesays.com\/fr\/wp-json\/wp\/v2\/categories?post=470341"},{"taxonomy":"post_tag","embeddable":true,"href":"https:\/\/www.europesays.com\/fr\/wp-json\/wp\/v2\/tags?post=470341"}],"curies":[{"name":"wp","href":"https:\/\/api.w.org\/{rel}","templated":true}]}}