{"id":470343,"date":"2025-10-17T16:21:11","date_gmt":"2025-10-17T16:21:11","guid":{"rendered":"https:\/\/www.europesays.com\/fr\/470343\/"},"modified":"2025-10-17T16:21:11","modified_gmt":"2025-10-17T16:21:11","slug":"benjamin-bonzi-sarrete-sur-abandon-face-a-jiri-lehecka-en-quarts-de-finale-a-bruxelles-lequipe","status":"publish","type":"post","link":"https:\/\/www.europesays.com\/fr\/470343\/","title":{"rendered":"Benjamin Bonzi s&#039;arr\u00eate sur abandon face \u00e0 Jiri Lehecka en quarts de finale \u00e0 Bruxelles &#8211; L&#039;\u00c9quipe"},"content":{"rendered":"<ol>\n<li><a href=\"https:\/\/news.google.com\/rss\/articles\/CBMi0gFBVV95cUxOVW1RMi1OajNRNk0tcUFTcW9JNVRMR1c3TEpTWUJNSkdkLUNHSE15bExOazBmMWlLNUxqT1RCbEt5Q2tBMl94bHdiUHk2RFd6TVcwTDU0bXk2cGcxZnB3ZDgyUGFaT2YxNlNOanFYN2ozWUdrdmVJR09FOGV4ZmxKRjF0YlIxZTdNa3J2eGMtLUxSSXVBYU9zbHJ4MkMxWWMtazNJNlkwNXdwd0E3UlB5dWpqYW1tS2Iybks1bXA1MWNUQXhDTXUtN3o3eTQ3cWFNQlE?oc=5\" target=\"_blank\" rel=\"nofollow noopener\">Benjamin Bonzi s&rsquo;arr\u00eate sur abandon face \u00e0 Jiri Lehecka en quarts de finale \u00e0 Bruxelles<\/a>&nbsp;&nbsp;L&rsquo;\u00c9quipe<\/li>\n<li><a href=\"https:\/\/news.google.com\/rss\/articles\/CBMixwFBVV95cUxOVUlPWFhSUXIxaHpDNXlzUW1FRmI5TTM3T2xBSE5uclNMc2FMUjRaWE9FQUgtcTBLSWpSRHBuOVVHNVFSSFVvWkJRSFVRT3A5QUQ3RGhxLXdJQTE3Z280UFlYaEp4VlEwQnNiVDYwbXJ6Vi1aZzlKekhxOHJMS3ByXzVocEN1b2wweHp3UWw0N3lIaGtkeWVyazlhWUFHX3ZPZHNoNDZJZ2d4YS1vVjFZRGNXakpMRy1uYkJ5aU5BSXZ4VGk3Tnpn?oc=5\" target=\"_blank\" rel=\"nofollow noopener\">R\u00e9sultat : Jiri Lehecka &#8211; Benjamin Bonzi, ATP 250, Bruxelles, Quarts de finale, Vendredi 17 octobre 2025<\/a>&nbsp;&nbsp;L&rsquo;\u00c9quipe<\/li>\n<li><a href=\"https:\/\/news.google.com\/rss\/articles\/CBMirAFBVV95cUxNUHFTWkpzZ3VhUlVfNFRpZXBQbW9NeGRRWGRvcnJBamNnb2hFSzU5SnZ1ZTIyMVhZaEpXS1NTVnY4R3I1bVBrWWMtbHFyekZSSEotckt1eTBhX2x0VGwzZmJWd01lay1PWHlYbWFSZTlBM01tNkxmRFRaYmNHS1gyODJkYnRlOFBRWEowZWxhWFpjWHJOYnA0RmVHR1JZTlNmcnI4Vkl1S09LZXFR0gGrAUFVX3lxTE94a1pITTh3LXFZSy1DUnR4ak1LejhYYVNUNmRkdWF3RU5UanFhSWRYZDh1bW9KdGNQNUdtazRJQm5LbUxjYzd1Qk5BWEdnTUE0RmdUejZjQTFCcE1OeHlYVVBsMzhpb0tYcjc2M1hEajcxZi1yVUhyOXdWcnNSWV9oOVVqS1pjREJlemV4d3NPM3VoZllxRi1WNHhsY3JsSm1hQlY0UTloWnNRTQ?oc=5\" target=\"_blank\" rel=\"nofollow noopener\">ATP &#8211; Bruxelles : Bonzi jette l&rsquo;\u00e9ponge en quarts<\/a>&nbsp;&nbsp;Orange Actualit\u00e9s | Sports<\/li>\n<li><a href=\"https:\/\/news.google.com\/rss\/articles\/CBMingJBVV95cUxOWGVsODB2cVIzVE1ZT25nQndXcjFoOUdJOWg5UmdfMGpxeFRHQXhsV3NnbUkwWi1JWWYyTXdpd3kxVVFBVUxua2dwSklQTTFVSFhrX2xUdjBuTmx2U1VwSnhqLXFfS0dvdDY0Sk1HY1FZQUpCMFNpNzY5dnlCX1pZdU5Zc2I4eEFYTUgxZFJ3cEdGVkdnNzFHa3JnMkhkaDhOeEJZYWlJRHZsSmI4MTNUcW5mbEVqcmpUVk5GVFRNanB0LU90QkFWVHl6T3lBRGdDdHZaejg3Z1ZJRlFVcFNNZ0x2aGVvU3Iwb2tJeVJ3VzN0TDFDbzhnZ3FvZTdGaHh6VHYxVlV2dm9fZkhpdGpRa2NQNVZvbjZJVDh3bmZn?oc=5\" target=\"_blank\" rel=\"nofollow noopener\">Apr\u00e8s avoir arrach\u00e9 un set au tie-break, Bonzi abandonne<\/a>&nbsp;&nbsp;Eurosport<\/li>\n<li><a href=\"https:\/\/news.google.com\/rss\/articles\/CBMimwFBVV95cUxQYW9QTk5yY2d5Z2szS1hldkJxd3NPM1hRR241T1JtWk9Sa2tmOUU0S1BDOEJRU1JKS3BTNWlnV0JXb1BXOWJ6TWtzS2xqZHNOVC1KQTNfaDNfLU9heWRPQTBvS1FpRE9tSG9CRUJlWV80b1N1TnQ4MGo1OFJCdGN1WlJsY05QREZwVlBDU3BBblBYUEdwYUFmb0ZBRQ?oc=5\" target=\"_blank\" rel=\"nofollow noopener\">Tennis : Benjamin Bonzi a rendez-vous en quarts \u00e0 Bruxelles<\/a>&nbsp;&nbsp;Le Figaro<\/li>\n<\/ol>\n","protected":false},"excerpt":{"rendered":"Benjamin Bonzi s&rsquo;arr\u00eate sur abandon face \u00e0 Jiri Lehecka en quarts de finale \u00e0 Bruxelles&nbsp;&nbsp;L&rsquo;\u00c9quipe R\u00e9sultat : Jiri&hellip;\n","protected":false},"author":2,"featured_media":470344,"comment_status":"","ping_status":"","sticky":false,"template":"","format":"standard","meta":{"footnotes":""},"categories":[1415],"tags":[1011,27,60,1467],"class_list":{"0":"post-470343","1":"post","2":"type-post","3":"status-publish","4":"format-standard","5":"has-post-thumbnail","7":"category-tennis","8":"tag-fr","9":"tag-france","10":"tag-sports","11":"tag-tennis"},"share_on_mastodon":{"url":"https:\/\/pubeurope.com\/@fr\/115390426813968916","error":""},"_links":{"self":[{"href":"https:\/\/www.europesays.com\/fr\/wp-json\/wp\/v2\/posts\/470343","targetHints":{"allow":["GET"]}}],"collection":[{"href":"https:\/\/www.europesays.com\/fr\/wp-json\/wp\/v2\/posts"}],"about":[{"href":"https:\/\/www.europesays.com\/fr\/wp-json\/wp\/v2\/types\/post"}],"author":[{"embeddable":true,"href":"https:\/\/www.europesays.com\/fr\/wp-json\/wp\/v2\/users\/2"}],"replies":[{"embeddable":true,"href":"https:\/\/www.europesays.com\/fr\/wp-json\/wp\/v2\/comments?post=470343"}],"version-history":[{"count":0,"href":"https:\/\/www.europesays.com\/fr\/wp-json\/wp\/v2\/posts\/470343\/revisions"}],"wp:featuredmedia":[{"embeddable":true,"href":"https:\/\/www.europesays.com\/fr\/wp-json\/wp\/v2\/media\/470344"}],"wp:attachment":[{"href":"https:\/\/www.europesays.com\/fr\/wp-json\/wp\/v2\/media?parent=470343"}],"wp:term":[{"taxonomy":"category","embeddable":true,"href":"https:\/\/www.europesays.com\/fr\/wp-json\/wp\/v2\/categories?post=470343"},{"taxonomy":"post_tag","embeddable":true,"href":"https:\/\/www.europesays.com\/fr\/wp-json\/wp\/v2\/tags?post=470343"}],"curies":[{"name":"wp","href":"https:\/\/api.w.org\/{rel}","templated":true}]}}