{"id":470347,"date":"2025-10-17T16:26:10","date_gmt":"2025-10-17T16:26:10","guid":{"rendered":"https:\/\/www.europesays.com\/fr\/470347\/"},"modified":"2025-10-17T16:26:10","modified_gmt":"2025-10-17T16:26:10","slug":"de-la-f1-a-la-musique-charles-leclerc-rassure-tout-le-monde-pour-son-avenir","status":"publish","type":"post","link":"https:\/\/www.europesays.com\/fr\/470347\/","title":{"rendered":"De la F1 \u00e0 la musique : Charles Leclerc rassure tout le monde pour son avenir !"},"content":{"rendered":"<p>                    Thibault Morlain<br \/>\n                        &#8211;<\/p>\n<p>Journaliste<\/p>\n<p>Apr\u00e8s s\u2019\u00eatre essay\u00e9 \u00e0 diff\u00e9rents sports, Thibault se tourne vers une carri\u00e8re de footballeur amateur. Au moment de faire un choix entre devenir footballeur professionnel et journaliste, les qualit\u00e9s ont fait pencher la balance d\u2019un c\u00f4t\u00e9. Le voil\u00e0 d\u00e9sormais au sein de la r\u00e9daction du 10 Sport, apr\u00e8s un dipl\u00f4me obtenu \u00e0 l\u2019Institut International de Communication de Paris.<\/p>\n<p class=\"heading\">Alors qu&rsquo;on connait Charles Leclerc au volant d&rsquo;une Ferrari en Formule 1, en dehors du paddock, le Mon\u00e9gasque est \u00e9galement un passionn\u00e9 d&rsquo;art. Musicien \u00e0 ses heures perdues, il a notamment appris le piano seul pendant le confinement. De quoi mener Leclerc \u00e0 l&rsquo;enregistrement d&rsquo;un EP avec l&rsquo;artiste Sofiane Pamart. Est-ce donc une nouvelle carri\u00e8re qui l&rsquo;attend ?\n<\/p>\n<p>Pilote <strong>Ferrari<\/strong>, <a href=\"https:\/\/le10sport.com\/formule1\/f1-ferrari-charles-leclerc-balance-sur-son-calvaire-760476\" rel=\"nofollow noopener\" target=\"_blank\">Charles Leclerc<\/a> a, \u00e0 28 ans, encore de belles ann\u00e9es devant lui en Formule 1. Mais le Mon\u00e9gasque pourrait-il d\u00e9j\u00e0 penser \u00e0 sa prochaine carri\u00e8re ? Passionn\u00e9 de musique et de piano, il a notamment enregistrer un EP avec l&rsquo;artiste <strong>Sofiane Pamart<\/strong>. Derri\u00e8re un piano plut\u00f4t qu&rsquo;un volant de F1, voil\u00e0 \u00e0 quoi ressembler l&rsquo;avenir de Leclerc qui a mis les choses au point \u00e0 ce propos. <\/p>\n<p>                                            \u00ab La Formule 1 reste ma priorit\u00e9, bien s\u00fbr \u00bb<\/p>\n<p>A l&rsquo;occasion d&rsquo;un entretien accord\u00e9 \u00e0 Gala, <strong>Charles Leclerc<\/strong> a \u00e9voqu\u00e9 sa pratique du piano. Le Mon\u00e9gasque a alors rassur\u00e9 tous les fans de Formule 1 et de <strong>Ferrari <\/strong>pour l&rsquo;avenir, expliquant : \u00ab J&rsquo;ai tr\u00e8s envie de continuer, je manque juste de temps. J&rsquo;ai pris quelques le\u00e7ons de musique mais j&rsquo;ai arr\u00eat\u00e9 rapidement car je suis quelqu&rsquo;un d&rsquo;assez impatient. Je joue \u00e0 l&rsquo;oreille et quand j&rsquo;aime ce que je fais, j&rsquo;essaie de l&rsquo;enregistrer. Mais la Formule 1 reste ma priorit\u00e9, bien s\u00fbr \u00bb. <\/p>\n<p>                                            \u00ab Etre pilote Ferrari et devenir champion du monde, c&rsquo;est ce pourquoi je travaille depuis toujours \u00bb<\/p>\n<p>Pleinement concentr\u00e9 sur la Formule 1, <strong>Charles Leclerc<\/strong> continue d&rsquo;ailleurs encore et toujours de r\u00eaver du titre de champion du monde. \u00ab Quels sont mes r\u00eaves hors d&rsquo;\u00eatre champion du monde de F1 ? Pour l&rsquo;instant, je suis focalis\u00e9 sur ce r\u00eave l\u00e0. Etre pilote Ferrari et devenir champion du monde, c&rsquo;est ce pourquoi je travaille depuis toujours. Apr\u00e8s, bien s\u00fbr, j&rsquo;ai des aspirations plus personnelles comme celle de fonder une famille, que je pourrai concr\u00e9tiser en continuer \u00e0 chasser le titre mondial \u00bb, a fait savoir le pilote <strong>Ferrari<\/strong>. <\/p>\n","protected":false},"excerpt":{"rendered":"Thibault Morlain &#8211; Journaliste Apr\u00e8s s\u2019\u00eatre essay\u00e9 \u00e0 diff\u00e9rents sports, Thibault se tourne vers une carri\u00e8re de footballeur&hellip;\n","protected":false},"author":2,"featured_media":470348,"comment_status":"","ping_status":"","sticky":false,"template":"","format":"standard","meta":{"footnotes":""},"categories":[1412],"tags":[1451,1452,1453,1454,1455,1011,27,60],"class_list":{"0":"post-470347","1":"post","2":"type-post","3":"status-publish","4":"format-standard","5":"has-post-thumbnail","7":"category-f1","8":"tag-f1","9":"tag-formula-1","10":"tag-formula1","11":"tag-formule-1","12":"tag-formule1","13":"tag-fr","14":"tag-france","15":"tag-sports"},"share_on_mastodon":{"url":"https:\/\/pubeurope.com\/@fr\/115390446556886562","error":""},"_links":{"self":[{"href":"https:\/\/www.europesays.com\/fr\/wp-json\/wp\/v2\/posts\/470347","targetHints":{"allow":["GET"]}}],"collection":[{"href":"https:\/\/www.europesays.com\/fr\/wp-json\/wp\/v2\/posts"}],"about":[{"href":"https:\/\/www.europesays.com\/fr\/wp-json\/wp\/v2\/types\/post"}],"author":[{"embeddable":true,"href":"https:\/\/www.europesays.com\/fr\/wp-json\/wp\/v2\/users\/2"}],"replies":[{"embeddable":true,"href":"https:\/\/www.europesays.com\/fr\/wp-json\/wp\/v2\/comments?post=470347"}],"version-history":[{"count":0,"href":"https:\/\/www.europesays.com\/fr\/wp-json\/wp\/v2\/posts\/470347\/revisions"}],"wp:featuredmedia":[{"embeddable":true,"href":"https:\/\/www.europesays.com\/fr\/wp-json\/wp\/v2\/media\/470348"}],"wp:attachment":[{"href":"https:\/\/www.europesays.com\/fr\/wp-json\/wp\/v2\/media?parent=470347"}],"wp:term":[{"taxonomy":"category","embeddable":true,"href":"https:\/\/www.europesays.com\/fr\/wp-json\/wp\/v2\/categories?post=470347"},{"taxonomy":"post_tag","embeddable":true,"href":"https:\/\/www.europesays.com\/fr\/wp-json\/wp\/v2\/tags?post=470347"}],"curies":[{"name":"wp","href":"https:\/\/api.w.org\/{rel}","templated":true}]}}