{"id":470351,"date":"2025-10-17T16:28:10","date_gmt":"2025-10-17T16:28:10","guid":{"rendered":"https:\/\/www.europesays.com\/fr\/470351\/"},"modified":"2025-10-17T16:28:10","modified_gmt":"2025-10-17T16:28:10","slug":"la-declaration-inquietante-de-pep-guardiola-sur-rodri","status":"publish","type":"post","link":"https:\/\/www.europesays.com\/fr\/470351\/","title":{"rendered":"la d\u00e9claration inqui\u00e9tante de Pep Guardiola sur Rodri"},"content":{"rendered":"<p>Depuis son Ballon d\u2019Or en octobre 2024, <a href=\"https:\/\/www.footmercato.net\/joueur\/rodri\/\" rel=\"nofollow noopener\" target=\"_blank\">Rodri<\/a> conna\u00eet la pire p\u00e9riode de sa carri\u00e8re. \u00c9loign\u00e9 des terrains durant toute la saison derni\u00e8re ou presque \u00e0 cause d\u2019une terrible blessure aux ligaments crois\u00e9s, le milieu espagnol peine \u00e0 retrouver la pleine possession de son corps. Depuis le d\u00e9but de saison, l\u2019ancien de l\u2019Atl\u00e9tico de Madrid a disput\u00e9 sept rencontres et est encore bless\u00e9 depuis quelques semaines. <\/p>\n<p>            La suite apr\u00e8s cette publicit\u00e9<\/p>\n<p>Un nouveau p\u00e9pin qui inqui\u00e8te Pep Guardiola qui a expliqu\u00e9 que son joueur n\u2019\u00e9tait pas pr\u00eat \u00e0 affronter Everton ce samedi (16h) : \u00ab Rodri ? Pas de nouvelles. Il n\u2019est pas pr\u00eat pour demain. Je ne sais pas quand il sera de retour. Mateo Kovacic pourra jouer peut-\u00eatre 50-60 minutes. Il a besoin d\u2019un moment de qualit\u00e9, de temps de qualit\u00e9 et de minutes de qualit\u00e9. Il est important qu\u2019il revienne petit \u00e0 petit. Omar Marmoush et Rayan A\u00eft-Nouri sont sur la bonne voie. Ils se sont entra\u00een\u00e9s hier et vont beaucoup mieux. Ils sont sur le point de revenir. \u00bb<\/p>\n<p>\n    Pub. le 17\/10\/2025 14:05<br \/>\n            &#8211; MAJ le 17\/10\/2025 17:06\n    <\/p>\n","protected":false},"excerpt":{"rendered":"Depuis son Ballon d\u2019Or en octobre 2024, Rodri conna\u00eet la pire p\u00e9riode de sa carri\u00e8re. \u00c9loign\u00e9 des terrains&hellip;\n","protected":false},"author":2,"featured_media":470352,"comment_status":"","ping_status":"","sticky":false,"template":"","format":"standard","meta":{"footnotes":""},"categories":[1410],"tags":[63,1011,27,60],"class_list":{"0":"post-470351","1":"post","2":"type-post","3":"status-publish","4":"format-standard","5":"has-post-thumbnail","7":"category-football","8":"tag-football","9":"tag-fr","10":"tag-france","11":"tag-sports"},"share_on_mastodon":{"url":"https:\/\/pubeurope.com\/@fr\/115390454459788668","error":""},"_links":{"self":[{"href":"https:\/\/www.europesays.com\/fr\/wp-json\/wp\/v2\/posts\/470351","targetHints":{"allow":["GET"]}}],"collection":[{"href":"https:\/\/www.europesays.com\/fr\/wp-json\/wp\/v2\/posts"}],"about":[{"href":"https:\/\/www.europesays.com\/fr\/wp-json\/wp\/v2\/types\/post"}],"author":[{"embeddable":true,"href":"https:\/\/www.europesays.com\/fr\/wp-json\/wp\/v2\/users\/2"}],"replies":[{"embeddable":true,"href":"https:\/\/www.europesays.com\/fr\/wp-json\/wp\/v2\/comments?post=470351"}],"version-history":[{"count":0,"href":"https:\/\/www.europesays.com\/fr\/wp-json\/wp\/v2\/posts\/470351\/revisions"}],"wp:featuredmedia":[{"embeddable":true,"href":"https:\/\/www.europesays.com\/fr\/wp-json\/wp\/v2\/media\/470352"}],"wp:attachment":[{"href":"https:\/\/www.europesays.com\/fr\/wp-json\/wp\/v2\/media?parent=470351"}],"wp:term":[{"taxonomy":"category","embeddable":true,"href":"https:\/\/www.europesays.com\/fr\/wp-json\/wp\/v2\/categories?post=470351"},{"taxonomy":"post_tag","embeddable":true,"href":"https:\/\/www.europesays.com\/fr\/wp-json\/wp\/v2\/tags?post=470351"}],"curies":[{"name":"wp","href":"https:\/\/api.w.org\/{rel}","templated":true}]}}