{"id":470353,"date":"2025-10-17T16:29:12","date_gmt":"2025-10-17T16:29:12","guid":{"rendered":"https:\/\/www.europesays.com\/fr\/470353\/"},"modified":"2025-10-17T16:29:12","modified_gmt":"2025-10-17T16:29:12","slug":"booba-mis-en-examen-pour-harcelement-aggrave-envers-la-compagne-de-gims-liberation","status":"publish","type":"post","link":"https:\/\/www.europesays.com\/fr\/470353\/","title":{"rendered":"Booba mis en examen pour harc\u00e8lement aggrav\u00e9 envers la compagne de Gims &#8211; Lib\u00e9ration"},"content":{"rendered":"<ol>\n<li><a href=\"https:\/\/news.google.com\/rss\/articles\/CBMi4wFBVV95cUxQNEFyZ0xzQmg4dExuVGY2Mm5GOHY3WThZd093WGpEVjZqMXprdGxrbVhNRTZPTWVKMmtQdWk3Y1FlMW10WHVHdWZSVzdtR0xSNzhwZk5jb3BrYnlFOW1OOWZYYW9BLTZVZjN3VW92VjBJeTlFQk1TTlBwWTRLM1pyYzUxT2FUc2k5THRYR3VhOVFMQjdnR0tMRTlORHFnRmlOQVU3ZzdseHBvUDd4SHphOEhVZTVVbS1TNk5uVWFrRlVwLThrc3JVQzJJdDMzNlZEY3d0SFItMFRWdEMtVWx4R3RuWQ?oc=5\" target=\"_blank\" rel=\"nofollow noopener\">Booba mis en examen pour harc\u00e8lement aggrav\u00e9 envers la compagne de Gims<\/a>&nbsp;&nbsp;Lib\u00e9ration<\/li>\n<li><a href=\"https:\/\/news.google.com\/rss\/articles\/CBMi7gFBVV95cUxPYmprdkpCa0ZiQzd2U2N4U2hhWW5xODA0ZVZ6aDNIVmVzWUwzb1RvcVhndlRheXAxbjhWX2xDV2tZODZuOENaTjdzMWg1RkV0bGtFa1ZMZUpfWk5rY0s0dW14QmNqZjN0bkZtSkhUR0dOb3BNOHRfN0FFSU40cktpNG01ZTlKNEo3SFNzM1dDQnBwbmVNMFlnQ3kzeTdzdTNQRzNWd29ESkQ3ZkpJSmpxWEJ2dGZXRHF0eVhxVUs0VTZ4bXQ3amszcmh6MFgzelRmeVRPQmJxbkxiWHk2elpEUEFmUEJEN0gzU3Q5QWlB?oc=5\" target=\"_blank\" rel=\"nofollow noopener\">Le rappeur Booba mis en examen pour harc\u00e8lement aggrav\u00e9 contre Demdem, la compagne du chanteur Gims<\/a>&nbsp;&nbsp;France Info<\/li>\n<li><a href=\"https:\/\/news.google.com\/rss\/articles\/CBMi0gFBVV95cUxOaUQxQ2FMT2tULUxWQThZODA1aFNsQ1JDR2xLTzJBbFFWZ3NqNkxSMGZPandPV0hVMXRuejZrM1BJSmdRVUExaUtlRHU5LUhyOTRaUUNULVVDcUJ2NnIyXzh5V0NMSWFnZmNGMUZ2bElxSjllVzZ2OHc2bTdvT1lHZUptLV91LXJSTjJIVngwZUhTVm05U01VUkxHdlRtelUyZmwtQVVIY3pWN2N1V3hFYkxNT0ZMQmt1c0NISjkzX3hybmFtWjBuUTVoVE1vbnJlVEE?oc=5\" target=\"_blank\" rel=\"nofollow noopener\">Booba encore poursuivi pour harc\u00e8lement, cette fois sur Demdem, compagne de Gims<\/a>&nbsp;&nbsp;Portail Orange<\/li>\n<li><a href=\"https:\/\/news.google.com\/rss\/articles\/CBMi_AFBVV95cUxNd2hqSTNfZlJNcXVLaFMybFVnNURBclBCMV9vUFVSN0s5aEVJTWgxSEQwamJGQmRBNWZyZ0hWNWptMjA5OUNBNjh0OGd4b0xsWUpyZUtlWUFTbW5lZUdTUEJhVUhRQnJsRThFQ3VENW9BUEFheU1hdjJYZlhzWHB0TGJyMGZJcDV3aExhQXpNYjZ6TlBSVnhkZWswMEhPZ1BIbTdET3IwdWYxVWQ1Q3c1d1FrV04tMGR6Q0V4aDJsNlZaWFpzSzVlUVdhRUF3b2N5Snl2ckttWXkwbzlQV28tVjNuT3R4SWR0R1c2Wll2VHBxenM3aHFkcEM1QWE?oc=5\" target=\"_blank\" rel=\"nofollow noopener\">Le rappeur Booba mis en examen pour harc\u00e8lement aggrav\u00e9 apr\u00e8s une plainte d\u00e9pos\u00e9e par Gims<\/a>&nbsp;&nbsp;Ouest-France<\/li>\n<li><a href=\"https:\/\/news.google.com\/rss\/articles\/CBMi1wFBVV95cUxOaVc5ZVl6eDFaSXIyLUxubElLTUU2ekY1SGplX0U0X1FJLVMzdWQ1RGF0UnhmbjNMejdxZVNJVFR0aWVka3RmZk4zLXR3SWVSX2s1UEtDVWRsNm9YNG8wZzMwOG9WUHpZT2tFRV8zRVZ5aTBVQ1FWcXUtLWtEQ0J2ODVqWnBpNE5vOVBHWXN4R2dvdUs3QjNFempVWFVxNFN4b2RZdnBMX25XN3BCYjJlbUxLZG4ySjQxZ2FXZFByQkpwTHVzVmVKalRTVjRGZDdLclBIS2ZsOA?oc=5\" target=\"_blank\" rel=\"nofollow noopener\">Les choix de la bande : Booba-Gims, une bataille sans fin &#8211; 17\/10<\/a>&nbsp;&nbsp;RMC<\/li>\n<\/ol>\n","protected":false},"excerpt":{"rendered":"Booba mis en examen pour harc\u00e8lement aggrav\u00e9 envers la compagne de Gims&nbsp;&nbsp;Lib\u00e9ration Le rappeur Booba mis en examen&hellip;\n","protected":false},"author":2,"featured_media":470354,"comment_status":"","ping_status":"","sticky":false,"template":"","format":"standard","meta":{"footnotes":""},"categories":[1359],"tags":[15207,58,59,59398,1011,27,1227,1361,59399,973],"class_list":{"0":"post-470353","1":"post","2":"type-post","3":"status-publish","4":"format-standard","5":"has-post-thumbnail","7":"category-people","8":"tag-art-and-culture","9":"tag-divertissement","10":"tag-entertainment","11":"tag-festival-des-vieilles-charrues","12":"tag-fr","13":"tag-france","14":"tag-horizontal","15":"tag-music","16":"tag-music-festival","17":"tag-people"},"share_on_mastodon":{"url":"https:\/\/pubeurope.com\/@fr\/115390458374665236","error":""},"_links":{"self":[{"href":"https:\/\/www.europesays.com\/fr\/wp-json\/wp\/v2\/posts\/470353","targetHints":{"allow":["GET"]}}],"collection":[{"href":"https:\/\/www.europesays.com\/fr\/wp-json\/wp\/v2\/posts"}],"about":[{"href":"https:\/\/www.europesays.com\/fr\/wp-json\/wp\/v2\/types\/post"}],"author":[{"embeddable":true,"href":"https:\/\/www.europesays.com\/fr\/wp-json\/wp\/v2\/users\/2"}],"replies":[{"embeddable":true,"href":"https:\/\/www.europesays.com\/fr\/wp-json\/wp\/v2\/comments?post=470353"}],"version-history":[{"count":0,"href":"https:\/\/www.europesays.com\/fr\/wp-json\/wp\/v2\/posts\/470353\/revisions"}],"wp:featuredmedia":[{"embeddable":true,"href":"https:\/\/www.europesays.com\/fr\/wp-json\/wp\/v2\/media\/470354"}],"wp:attachment":[{"href":"https:\/\/www.europesays.com\/fr\/wp-json\/wp\/v2\/media?parent=470353"}],"wp:term":[{"taxonomy":"category","embeddable":true,"href":"https:\/\/www.europesays.com\/fr\/wp-json\/wp\/v2\/categories?post=470353"},{"taxonomy":"post_tag","embeddable":true,"href":"https:\/\/www.europesays.com\/fr\/wp-json\/wp\/v2\/tags?post=470353"}],"curies":[{"name":"wp","href":"https:\/\/api.w.org\/{rel}","templated":true}]}}