{"id":470357,"date":"2025-10-17T16:31:37","date_gmt":"2025-10-17T16:31:37","guid":{"rendered":"https:\/\/www.europesays.com\/fr\/470357\/"},"modified":"2025-10-17T16:31:37","modified_gmt":"2025-10-17T16:31:37","slug":"aux-racines-du-phenomene-philippe-de-villiers-lexpress","status":"publish","type":"post","link":"https:\/\/www.europesays.com\/fr\/470357\/","title":{"rendered":"aux racines du ph\u00e9nom\u00e8ne Philippe de Villiers \u2013 L&rsquo;Express"},"content":{"rendered":"<p class=\"paragraph article-body-paragraph article__item   article-body-paragraph--first \">En tant qu\u2019auteur, <a href=\"https:\/\/www.lexpress.fr\/politique\/le-dossier-de-l-express-philippe-de-villiers-meilleur-complotiste-de-france_2152213.html\" target=\"_self\" rel=\"nofollow noopener\" title=\"https:\/\/www.lexpress.fr\/politique\/le-dossier-de-l-express-philippe-de-villiers-meilleur-complotiste-de-france_2152213.html\">Philippe de Villiers<\/a> n\u2019est pas n\u00e9 de la derni\u00e8re pluie. En 1989, alors \u00e2g\u00e9 de 40 ans, le d\u00e9put\u00e9 et pr\u00e9sident du conseil g\u00e9n\u00e9ral de la Vend\u00e9e publie chez Albin Michel un premier livre au titre d\u00e9j\u00e0 \u00e9vocateur : Lettre ouverte aux coupeurs de t\u00eate et aux menteurs du Bicentenaire. Suivent dans les ann\u00e9es 1990 des essais contre le trait\u00e9 de Maastricht, un Dictionnaire du politiquement correct \u00e0 la fran\u00e7aise et d\u2019autres textes aux titres alambiqu\u00e9s, comme La Soci\u00e9t\u00e9 de connivence, ou comment faire avaler des serpents \u00e0 sonnette. Les ann\u00e9es 2000 sont moins prolifiques pour l\u2019homme du Puy du Fou, encore qu\u2019on note Les Turqueries du grand mamamouchi (un pamphlet contre Chirac) ou Les Mosqu\u00e9es de Roissy, dont le bandeau annonce de \u00ab\u00a0nouvelles r\u00e9v\u00e9lations sur l\u2019islamisme en France\u00a0\u00bb. <\/p>\n<p><strong class=\"article-body-link-list__item text-gray-800 article-body-link-list__item--one-item\">LIRE AUSSI : <a class=\"article-body-link-list__item-link\" href=\"https:\/\/www.lexpress.fr\/culture\/livre\/il-a-plein-dhistoires-rocambolesques-letonnante-rencontre-entre-patrick-modiano-et-une-pop-star-RNGSBPVCUZC6FD7H7EE3VWNHMA\/\" rel=\"nofollow noopener\" target=\"_blank\">\u00ab\u00a0Il a plein d\u2019histoires rocambolesques\u00a0\u00bb : l\u2019\u00e9tonnante rencontre entre Patrick Modiano et une pop star<\/a><\/strong><\/p>\n<p class=\"paragraph article-body-paragraph article__item   \">Au d\u00e9but des ann\u00e9es 2010, toujours homme politique (en tant que pr\u00e9sident du Mouvement pour la France), Philippe de Villiers se sp\u00e9cialise dans la r\u00e9\u00e9criture du roman national avec des biographies de Charette, saint Louis et Jeanne d\u2019Arc (environ 25 000 exemplaires en grand format pour chacun de ces livres). Jusque-l\u00e0, bien que d\u00e9j\u00e0 identifi\u00e9 par le grand public, il n\u2019aura \u00e9t\u00e9 qu\u2019une incarnation d\u00e9su\u00e8te d\u2019un souverainisme que l\u2019on pensait cantonn\u00e9 \u00e0 une niche.<\/p>\n<p>Un livre vendu \u00e0 250 000 exemplaires<\/p>\n<p class=\"paragraph article-body-paragraph article__item   \">C\u2019est en 2015 que, lib\u00e9r\u00e9 de son mandat de d\u00e9put\u00e9 europ\u00e9en, Philippe de Villiers explose v\u00e9ritablement comme \u00e9crivain avec Le Moment est venu de dire ce que j\u2019ai vu, qui s\u2019arrache \u00e0 250 000 exemplaires. <a href=\"https:\/\/www.lexpress.fr\/societe\/eric-zemmour-le-polemiste_1613247.html\" target=\"_self\" rel=\"nofollow noopener\" title=\"https:\/\/www.lexpress.fr\/societe\/eric-zemmour-le-polemiste_1613247.html\">Eric Zemmour<\/a> est alors la star de ce segment \u00e9ditorial avec son <a href=\"https:\/\/www.lexpress.fr\/culture\/livre\/zemmour-pourquoi-ca-marche_1612712.html\" target=\"_self\" rel=\"nofollow noopener\" title=\"https:\/\/www.lexpress.fr\/culture\/livre\/zemmour-pourquoi-ca-marche_1612712.html\">Suicide fran\u00e7ais<\/a>, vendu \u00e0 plus de 300 000 exemplaires en 2014. Alternativement camarades et rivaux, les deux hommes se tirent la bourre en librairie. Zemmour va se maintenir tr\u00e8s haut jusqu\u2019en 2021 (La France n\u2019a pas dit son dernier mot, 300 000 exemplaires) avant de chuter \u2013 il a perdu plus des deux tiers de son lectorat avec Je n\u2019ai pas dit mon dernier mot, paru en 2023. Tout en pers\u00e9v\u00e9rant dans les biographies (Clovis et Louis XIV), Villiers a tir\u00e9 son \u00e9pingle du jeu gr\u00e2ce \u00e0 ses essais, dont Les Cloches sonneront-elles encore demain ? (plus de 100 000 exemplaires en 2016) et d\u2019autres livres affubl\u00e9s de titres bien dans son style, tels J\u2019ai tir\u00e9 sur le fil du mensonge et tout est venu ou Les Gaulois r\u00e9fractaires demandent des comptes au Nouveau Monde.<\/p>\n<p><img decoding=\"async\" src=\"https:\/\/www.europesays.com\/fr\/wp-content\/uploads\/2025\/10\/BXBADRXTBVAU5KBPMHLJV7TBCY.jpg\" class=\"image-with-legend__cover-img\" alt=\"NEW3877_TABLEAU_PALMARES\" width=\"883\" height=\"0\" loading=\"lazy\"\/><\/p>\n<p class=\"image-with-legend__legend\">Ventes de livres\u00a0: aux racines du ph\u00e9nom\u00e8ne Philippe de Villiers<\/p>\n<p class=\"image-with-legend__credits\"> \u00a9  \/ L&rsquo;EXPRESS<\/p>\n<p class=\"paragraph article-body-paragraph article__item   \">Si la valeur n\u2019attend point le nombre des ann\u00e9es, l\u2019exposition m\u00e9diatique survient parfois avec le grand \u00e2ge. A 77 ans, Villiers a droit \u00e0 son \u00e9mission hebdomadaire (Face \u00e0 Philippe de Villiers) \u00e0 la fois sur CNews et sur Europe 1. Apparaissant tr\u00e8s r\u00e9guli\u00e8rement en couverture du JDNews, il n\u2019existe pas que dans la sph\u00e8re de Bollor\u00e9 : on le voit aussi chaque ann\u00e9e en \u00ab\u00a0une\u00a0\u00bb du Figaro Magazine et de Valeurs actuelles. Cette omnipr\u00e9sence paie. Avec M\u00e9moricide, il a r\u00e9cidiv\u00e9 l\u2019an dernier avec son record de 250 000 exemplaires. Populicide fera-t-il encore mieux ? Le texte est \u00ab\u00a0\u00e9poustouflant\u00a0\u00bb selon le bandeau. Nous suspendrons pour notre part notre jugement sur le plan litt\u00e9raire, mais constaterons objectivement des ventes mirifiques, au rythme de 10 000 exemplaires par jour depuis la parution du livre\u2026<\/p>\n<p class=\"paragraph article-body-paragraph article__item    article__text__endpicto\">En guise de conclusion, remarquons qu\u2019il fait bon s\u2019appeler Villiers quand on publie des livres : le fr\u00e8re cadet de Philippe, <a href=\"https:\/\/www.lexpress.fr\/politique\/un-villiers-peut-en-cacher-un-autre-philippe-et-pierre-deux-destins-francais_2141399.html\" target=\"_self\" rel=\"nofollow noopener\" title=\"https:\/\/www.lexpress.fr\/politique\/un-villiers-peut-en-cacher-un-autre-philippe-et-pierre-deux-destins-francais_2141399.html\">le g\u00e9n\u00e9ral Pierre<\/a>, a lui aussi d\u00e9j\u00e0 atteint les 150 000 exemplaires avec Qu\u2019est-ce qu\u2019un chef ? ou Servir ; et son petit-fils Jacques, 22 ans, a vendu cette ann\u00e9e plus de 20 000 exemplaires de son premier roman (naturellement historique), Le B\u00e2tard du Roussillon. Des chiffres qui para\u00eetraient certes d\u00e9risoires \u00e0 G\u00e9rard de Villiers (qui, malgr\u00e9 cette homonymie, n\u2019avait pas de lien de parent\u00e9 avec Philippe). Quant au grand Villiers de l\u2019Isle-Adam, l\u2019auteur culte des Contes cruels, c\u2019est encore une autre histoire\u2026<\/p>\n<p>.<\/p>\n","protected":false},"excerpt":{"rendered":"En tant qu\u2019auteur, Philippe de Villiers n\u2019est pas n\u00e9 de la derni\u00e8re pluie. En 1989, alors \u00e2g\u00e9 de&hellip;\n","protected":false},"author":2,"featured_media":470358,"comment_status":"","ping_status":"","sticky":false,"template":"","format":"standard","meta":{"footnotes":""},"categories":[1357],"tags":[1379,251,58,59,1011,27,1380],"class_list":{"0":"post-470357","1":"post","2":"type-post","3":"status-publish","4":"format-standard","5":"has-post-thumbnail","7":"category-livres","8":"tag-books","9":"tag-culture","10":"tag-divertissement","11":"tag-entertainment","12":"tag-fr","13":"tag-france","14":"tag-livres"},"share_on_mastodon":{"url":"https:\/\/pubeurope.com\/@fr\/115390466844721646","error":""},"_links":{"self":[{"href":"https:\/\/www.europesays.com\/fr\/wp-json\/wp\/v2\/posts\/470357","targetHints":{"allow":["GET"]}}],"collection":[{"href":"https:\/\/www.europesays.com\/fr\/wp-json\/wp\/v2\/posts"}],"about":[{"href":"https:\/\/www.europesays.com\/fr\/wp-json\/wp\/v2\/types\/post"}],"author":[{"embeddable":true,"href":"https:\/\/www.europesays.com\/fr\/wp-json\/wp\/v2\/users\/2"}],"replies":[{"embeddable":true,"href":"https:\/\/www.europesays.com\/fr\/wp-json\/wp\/v2\/comments?post=470357"}],"version-history":[{"count":0,"href":"https:\/\/www.europesays.com\/fr\/wp-json\/wp\/v2\/posts\/470357\/revisions"}],"wp:featuredmedia":[{"embeddable":true,"href":"https:\/\/www.europesays.com\/fr\/wp-json\/wp\/v2\/media\/470358"}],"wp:attachment":[{"href":"https:\/\/www.europesays.com\/fr\/wp-json\/wp\/v2\/media?parent=470357"}],"wp:term":[{"taxonomy":"category","embeddable":true,"href":"https:\/\/www.europesays.com\/fr\/wp-json\/wp\/v2\/categories?post=470357"},{"taxonomy":"post_tag","embeddable":true,"href":"https:\/\/www.europesays.com\/fr\/wp-json\/wp\/v2\/tags?post=470357"}],"curies":[{"name":"wp","href":"https:\/\/api.w.org\/{rel}","templated":true}]}}