{"id":470359,"date":"2025-10-17T16:32:18","date_gmt":"2025-10-17T16:32:18","guid":{"rendered":"https:\/\/www.europesays.com\/fr\/470359\/"},"modified":"2025-10-17T16:32:18","modified_gmt":"2025-10-17T16:32:18","slug":"il-me-gardait-mal-coiffee-et-grosse-christine-bravo-rend-hommage-a-laurent-ruquier-qui-lui-a-sauve-la-vie","status":"publish","type":"post","link":"https:\/\/www.europesays.com\/fr\/470359\/","title":{"rendered":"\u00abIl me gardait mal coiff\u00e9e et grosse\u00bb\u00a0:\u00a0Christine Bravo rend hommage \u00e0 Laurent Ruquier qui lui \u00aba sauv\u00e9 la vie\u00bb"},"content":{"rendered":"<p>    Christine Bravo dans \u00abTout beau tout n9uf\u00bb sur W9<br \/>\n                Capture d&rsquo;\u00e9cran<\/p>\n<p>\n    L\u2019animatrice de 69 ans \u00e9tait invit\u00e9e sur le plateau de Cyril Hanouna ce jeudi 16 octobre dans \u00abTout beau tout n9uf\u00bb sur W9. L\u2019occasion pour elle de revenir sur ses liens avec le pr\u00e9sentateur des \u00abGrosses t\u00eates\u00bb.<\/p>\n<p class=\"fig-paragraph\">Un vent de nostalgie souffle sur W9. Alors que\u00a0<a href=\"https:\/\/www.lefigaro.fr\/tag\/cyril-hanouna\" target=\"_blank\" rel=\"noopener\" data-gtm-custom-categorie=\"navigation\" data-gtm-custom-action=\"crossclick\" data-gtm-custom-label=\"Contextuel\" data-gtm-event=\"customEventSPE\"><strong>Cyril Hanouna<\/strong><\/a> \u00a0et ses chroniqueurs recevaient<a href=\"https:\/\/www.lefigaro.fr\/tag\/christine-bravo\" target=\"_blank\" rel=\"noopener\" data-gtm-custom-categorie=\"navigation\" data-gtm-custom-action=\"crossclick\" data-gtm-custom-label=\"Contextuel\" data-gtm-event=\"customEventSPE\"><strong>\u00a0Christine Bravo<\/strong><\/a> \u00a0sur le plateau de\u00a0<a href=\"https:\/\/tvmag.lefigaro.fr\/programme-tv\/programme\/tout-beau-tout-n9uf-d1817125567\" target=\"_blank\" rel=\"noopener\" data-gtm-custom-categorie=\"navigation\" data-gtm-custom-action=\"crossclick\" data-gtm-custom-label=\"Contextuel\" data-gtm-event=\"customEventSPE\">\u00abTout beau tout n9uf\u00bb<\/a>, ce jeudi 16 octobre, cette derni\u00e8re a \u00e9voqu\u00e9 plusieurs souvenirs de son ancienne vie d\u2019animatrice, et notamment ses liens avec les personnalit\u00e9s du PAF.<\/p>\n<p class=\"fig-paragraph\">Si\u00a0<a href=\"https:\/\/www.lefigaro.fr\/tag\/laurent-fontaine\" target=\"_blank\" rel=\"noopener\" data-gtm-custom-categorie=\"navigation\" data-gtm-custom-action=\"crossclick\" data-gtm-custom-label=\"Contextuel\" data-gtm-event=\"customEventSPE\">Laurent Fontaine<\/a>, lui, s\u2019est souvenu d\u2019une soir\u00e9e en t\u00eate \u00e0 t\u00eate avec la participante \u00e0 la derni\u00e8re saison des\u00a0<a href=\"https:\/\/tvmag.lefigaro.fr\/programme-tv\/programme\/les-traitres-d1280983536\" target=\"_blank\" rel=\"noopener\" data-gtm-custom-categorie=\"navigation\" data-gtm-custom-action=\"crossclick\" data-gtm-custom-label=\"Contextuel\" data-gtm-event=\"customEventSPE\">\u00abTra\u00eetres\u00bb<\/a>\u00a0sur\u00a0<a href=\"https:\/\/tvmag.lefigaro.fr\/programme-tv\/chaine\/118\/tous-les-programmes-de-m6\" target=\"_blank\" rel=\"noopener\" data-gtm-custom-categorie=\"navigation\" data-gtm-custom-action=\"crossclick\" data-gtm-custom-label=\"Contextuel\" data-gtm-event=\"customEventSPE\">M6<\/a>, au cours de laquelle ils avaient bu deux bouteilles de vin, elle, a plut\u00f4t fait mention du pr\u00e9sentateur des\u00a0<a href=\"https:\/\/tvmag.lefigaro.fr\/programme-tv\/programme\/les-grosses-tetes-d1182385105\" target=\"_blank\" rel=\"noopener\" data-gtm-custom-categorie=\"navigation\" data-gtm-custom-action=\"crossclick\" data-gtm-custom-label=\"Contextuel\" data-gtm-event=\"customEventSPE\">\u00abGrosses t\u00eates\u00bb<\/a>, o\u00f9 elle a d\u2019ailleurs offici\u00e9 un temps. \u00abQuel est l\u2019animateur avec lequel tu as pr\u00e9f\u00e9r\u00e9 travailler\u00a0?\u00bb, a demand\u00e9 Cyril Hanouna.<\/p>\n<p>                                    <a class=\"fig-a11y-skip a11y-hidden\" href=\"#fig-a11y-skip-main-inarticle\"><br \/>\n        Passer la publicit\u00e9<br \/>\n    <\/a><\/p>\n<p class=\"fig-paragraph\">Et l\u2019animatrice de r\u00e9pondre\u00a0: \u00aben tant que chroniqueuse,\u00a0<a href=\"https:\/\/www.lefigaro.fr\/tag\/laurent-ruquier\" target=\"_blank\" rel=\"noopener\" data-gtm-custom-categorie=\"navigation\" data-gtm-custom-action=\"crossclick\" data-gtm-custom-label=\"Contextuel\" data-gtm-event=\"customEventSPE\"><strong>Laurent Ruquier<\/strong> <\/a>, bien s\u00fbr. Il ne m\u2019a jamais l\u00e2ch\u00e9e, dans des p\u00e9riodes tr\u00e8s dures de ma vie o\u00f9 j\u2019\u00e9tais d\u00e9chenaill\u00e9e, \u00e7a n\u2019allait pas du tout. Il me gardait en plateau, mal coiff\u00e9e, grosse et puis compl\u00e8tement \u00e0 l\u2019ouest. Ce gars m\u2019a sauv\u00e9 la vie. \u00c7a, c\u2019est de l\u2019amiti\u00e9\u00bb. Et de s\u2019adresser \u00e0 Cyril Hanouna\u00a0: \u00abMais il y a beaucoup de Laurent Ruquier entre vous. Dans cette bande de fid\u00e9lit\u00e9, \u00e0 faire revenir des ringards&#8230;\u00bb<\/p>\n<p class=\"fig-paragraph\">Sur sa lanc\u00e9e, l\u2019ancienne pr\u00e9sentatrice d\u2019\u00abUnion libre\u00bb a poursuivi sa pluie de compliments envers l\u2019\u00e9quipe pr\u00e9sente autour d\u2019elle. \u00abIl y a beaucoup de Laurent chez lui (en d\u00e9signant Cyril Hanouna, NDLR). D\u00e9fendre chacun des chroniqueurs et ne pas les jeter \u00e0 la poubelle en disant\u00a0: \u201cil n\u2019est pas aim\u00e9, je le d\u00e9gage\u201d, tenir bon&#8230; Il n\u2019y en a que deux. Laurent (Ruquier) et vous\u00bb, a-t-elle assur\u00e9.<\/p>\n<p class=\"fig-body-link\">\n            \u00c0 lire aussi<br \/>\n        <a class=\"fig-body-link__link\" href=\"http:\/\/tvmag.lefigaro.fr\/programme-tv\/actu-tele\/un-escroc-christine-bravo-se-souvient-des-debuts-de-nikos-aliagas-a-la-television-20240422\" target=\"_blank\" data-fig-type=\"Article\" rel=\"noopener\" data-gtm-custom-categorie=\"navigation\" data-gtm-custom-action=\"crossclick\" data-gtm-custom-label=\"Contextuel\" data-gtm-event=\"customEventSPE\" data-fig-domain=\"TVMAG\">\u00abUn escroc\u00bb\u00a0: Christine Bravo se souvient des d\u00e9buts de Nikos Aliagas \u00e0 la t\u00e9l\u00e9vision<br \/>\n    <\/a>\n<\/p>\n<p class=\"fig-paragraph\">Une qualit\u00e9 de \u00abchef de bande\u00bb que ne poss\u00e9deraient que peu d\u2019animateurs selon elle. \u00abCyril vous voulait \u00e0 l\u2019antenne. Quand moi je regarde l\u2019\u00e9mission, je vous vois en gros plan.\u00a0<a href=\"https:\/\/www.lefigaro.fr\/tag\/nagui\" target=\"_blank\" rel=\"noopener\" data-gtm-custom-categorie=\"navigation\" data-gtm-custom-action=\"crossclick\" data-gtm-custom-label=\"Contextuel\" data-gtm-event=\"customEventSPE\">Nagui<\/a> , par exemple, qui a essay\u00e9 de reprendre \u201cUnion libre\u201d, ce n\u2019\u00e9tait pas possible. Il voulait tout pour lui. Ce n\u2019est pas un homme de bande\u00bb, a-t-elle lanc\u00e9, provoquant les rires de toute l\u2019assembl\u00e9e.<\/p>\n<p class=\"fig-paragraph\">Il faut dire qu\u2019il existe quelques ant\u00e9c\u00e9dents d\u2019inimiti\u00e9 entre le pr\u00e9sentateur de<a href=\"https:\/\/tvmag.lefigaro.fr\/programme-tv\/programme\/n-oubliez-pas-les-paroles-d1240069181\" target=\"_blank\" rel=\"noopener\" data-gtm-custom-categorie=\"navigation\" data-gtm-custom-action=\"crossclick\" data-gtm-custom-label=\"Contextuel\" data-gtm-event=\"customEventSPE\">\u00a0\u00abN\u2019oubliez pas les paroles\u00bb<\/a>\u00a0sur\u00a0<a href=\"https:\/\/tvmag.lefigaro.fr\/programme-tv\/chaine\/4\/tous-les-programmes-de-france-2\" target=\"_blank\" rel=\"noopener\" data-gtm-custom-categorie=\"navigation\" data-gtm-custom-action=\"crossclick\" data-gtm-custom-label=\"Contextuel\" data-gtm-event=\"customEventSPE\">France 2\u00a0<\/a>et l\u2019animateur sur W9. En juin dernier, le trublion du PAF affirmait n\u2019avoir jamais regard\u00e9 l\u2019\u00e9mission musicale quotidienne de la Deux. La production du programme en question et Nagui l\u2019avaient alors confront\u00e9 \u00e0 son mensonge en montrant des images de Cyril Hanouna dans l\u2019\u00e9mission. Un \u00e9ni\u00e8me incident dans le conflit ouvert qui oppose les deux animateurs depuis d\u00e9j\u00e0 plusieurs ann\u00e9es.<\/p>\n","protected":false},"excerpt":{"rendered":"Christine Bravo dans \u00abTout beau tout n9uf\u00bb sur W9 Capture d&rsquo;\u00e9cran L\u2019animatrice de 69 ans \u00e9tait invit\u00e9e sur&hellip;\n","protected":false},"author":2,"featured_media":470360,"comment_status":"","ping_status":"","sticky":false,"template":"","format":"standard","meta":{"footnotes":""},"categories":[1356],"tags":[1083,58,59,1011,27,1759,252,1364,2395],"class_list":{"0":"post-470359","1":"post","2":"type-post","3":"status-publish","4":"format-standard","5":"has-post-thumbnail","7":"category-television","8":"tag-cyril-hanouna","9":"tag-divertissement","10":"tag-entertainment","11":"tag-fr","12":"tag-france","13":"tag-laurent-ruquier","14":"tag-television","15":"tag-tv","16":"tag-w9"},"share_on_mastodon":{"url":"https:\/\/pubeurope.com\/@fr\/115390470398800056","error":""},"_links":{"self":[{"href":"https:\/\/www.europesays.com\/fr\/wp-json\/wp\/v2\/posts\/470359","targetHints":{"allow":["GET"]}}],"collection":[{"href":"https:\/\/www.europesays.com\/fr\/wp-json\/wp\/v2\/posts"}],"about":[{"href":"https:\/\/www.europesays.com\/fr\/wp-json\/wp\/v2\/types\/post"}],"author":[{"embeddable":true,"href":"https:\/\/www.europesays.com\/fr\/wp-json\/wp\/v2\/users\/2"}],"replies":[{"embeddable":true,"href":"https:\/\/www.europesays.com\/fr\/wp-json\/wp\/v2\/comments?post=470359"}],"version-history":[{"count":0,"href":"https:\/\/www.europesays.com\/fr\/wp-json\/wp\/v2\/posts\/470359\/revisions"}],"wp:featuredmedia":[{"embeddable":true,"href":"https:\/\/www.europesays.com\/fr\/wp-json\/wp\/v2\/media\/470360"}],"wp:attachment":[{"href":"https:\/\/www.europesays.com\/fr\/wp-json\/wp\/v2\/media?parent=470359"}],"wp:term":[{"taxonomy":"category","embeddable":true,"href":"https:\/\/www.europesays.com\/fr\/wp-json\/wp\/v2\/categories?post=470359"},{"taxonomy":"post_tag","embeddable":true,"href":"https:\/\/www.europesays.com\/fr\/wp-json\/wp\/v2\/tags?post=470359"}],"curies":[{"name":"wp","href":"https:\/\/api.w.org\/{rel}","templated":true}]}}