{"id":470361,"date":"2025-10-17T16:33:11","date_gmt":"2025-10-17T16:33:11","guid":{"rendered":"https:\/\/www.europesays.com\/fr\/470361\/"},"modified":"2025-10-17T16:33:11","modified_gmt":"2025-10-17T16:33:11","slug":"booba-a-nouveau-mis-en-examen-pour-harcelement-aggrave-cette-fois-sur-demdem-la-compagne-de-gims","status":"publish","type":"post","link":"https:\/\/www.europesays.com\/fr\/470361\/","title":{"rendered":"Booba \u00e0 nouveau mis en examen pour harc\u00e8lement aggrav\u00e9, cette fois sur Demdem, la compagne de Gims"},"content":{"rendered":"<p>Le rappeur <a href=\"https:\/\/www.20minutes.fr\/dossier\/booba\" class=\"c-link c-link--is-underlined\" target=\"_blank\" rel=\"noopener\">Booba<\/a>, d\u00e9j\u00e0 poursuivi pour harc\u00e8lement, a \u00e9t\u00e9 \u00e0 nouveau mis en examen jeudi pour cette infraction, cette fois pour des faits concernant Demdem, la compagne de <a href=\"https:\/\/www.20minutes.fr\/dossier\/maitre_gims\" class=\"c-link c-link--is-underlined\" target=\"_blank\" rel=\"noopener\">Gims<\/a>. Le parquet de Paris a confirm\u00e9 que le rappeur avait \u00e9t\u00e9 mis en examen pour harc\u00e8lement moral en ligne ayant caus\u00e9 une incapacit\u00e9 de travail sup\u00e9rieure \u00e0 huit jours pour des faits courant depuis ao\u00fbt\u00a02022. Le <a href=\"https:\/\/www.20minutes.fr\/dossier\/rappeur\" class=\"c-link c-link--is-underlined\" target=\"_blank\" rel=\"noopener\">rappeur <\/a>a interdiction d\u2019entrer en contact avec la plaignante.<\/p>\n<p>Lors de leur d\u00e9p\u00f4t de plainte, Gims et Demdem avaient accus\u00e9 Booba de \u00ab\u00a0s\u2019attaquer\u00a0\u00bb \u00e0 eux \u00ab\u00a0depuis six ans\u00a0\u00bb, \u00ab\u00a0encourag\u00e9\u00a0\u00bb par \u00ab\u00a0un nombre absolument impressionnant de ses admirateurs\u00a0\u00bb, cr\u00e9ant \u00ab\u00a0une situation effroyable de cyberharc\u00e8lement\u00a0\u00bb. Publications sur les r\u00e9seaux sociaux \u00e0 l\u2019appui, ils estimaient qu\u2019il y avait des attaques contre le \u00ab\u00a0physique\u00a0\u00bb de Gims, Booba relayant des photos de l\u2019int\u00e9ress\u00e9 sans ses lunettes qu\u2019il porte constamment.<\/p>\n<p>\u00ab\u00a0Libre expression artistique\u00a0\u00bb<\/p>\n<p>Un morceau r\u00e9cent de Booba, Dolce Camara, serait d\u2019apr\u00e8s la plainte le \u00ab\u00a0point culminant\u00a0\u00bb du harc\u00e8lement. Dans ce titre interpr\u00e9t\u00e9 avec SDM, Booba disait notamment\u00a0: \u00ab\u00a0On les aime fra\u00eeches, bien michtos [un d\u00e9riv\u00e9 argotique de michetonneuse d\u00e9signant une femme attir\u00e9e par l\u2019argent], qui savent accueillir comme Demdem\u00a0\u00bb.<\/p>\n<p>Ce titre \u00ab\u00a0rel\u00e8ve de la libre expression artistique\u00a0\u00bb, avaient r\u00e9pondu ses avocats, pour qui \u00ab\u00a0il serait inqui\u00e9tant pour l\u2019avenir de l\u2019Etat du droit que des cr\u00e9ations artistiques puissent faire l\u2019objet de poursuites p\u00e9nales, de surcro\u00eet du chef de harc\u00e8lement moral\u00a0\u00bb.<\/p>\n<p>Croisade contre les influenceurs<\/p>\n<p>\u00ab\u00a0Il est satisfaisant que la justice et la police aient d\u00e9montr\u00e9 c\u00e9l\u00e9rit\u00e9 et d\u00e9termination pour interpeller Monsieur Yaffa [le vrai nom de Booba] et faire cesser ses agissements\u00a0\u00bb, a r\u00e9agi l\u2019avocat des plaignants, David-Olivier Kaminski. \u00ab\u00a0\u00c0 ce jour, nous constatons que Booba fait l\u2019objet de plusieurs proc\u00e9dures pour harc\u00e8lement contre de nombreuses victimes. Il est grand temps que ces actes toxiques et nuisibles cessent\u00a0!\u00a0\u00bb, a ajout\u00e9 le conseil.<\/p>\n<p>Figure du rap depuis les ann\u00e9es\u00a01990, Booba s\u2019est engag\u00e9 depuis plusieurs ann\u00e9es dans une croisade contre les influenceurs renomm\u00e9s \u00ab\u00a0influvoleurs\u00a0\u00bb et leurs pratiques commerciales pr\u00e9sent\u00e9es comme trompeuses.<\/p>\n<\/p>\n<p>Parmi ses principales cibles, <a href=\"https:\/\/www.20minutes.fr\/societe\/magali-berdah\/\" class=\"c-link c-link--is-underlined\" target=\"_blank\" rel=\"noopener\">Magali Berdah<\/a>, fondatrice de Shauna Events sp\u00e9cialis\u00e9e dans les influenceurs. L\u2019enqu\u00eate la visant pour pratiques commerciales trompeuses, ouverte apr\u00e8s des plaintes de Booba, a \u00e9t\u00e9 class\u00e9e sans suite en mars.<\/p>\n<p><a href=\"https:\/\/www.20minutes.fr\/dossier\/booba\" class=\"c-link c-btn c-btn--primary\" target=\"_blank\" rel=\"noopener\">Notre dossier sur Booba<\/a><\/p>\n<p>Le 2 octobre\u00a02023, Booba a de son c\u00f4t\u00e9 \u00e9t\u00e9 mis en examen pour harc\u00e8lement moral en ligne aggrav\u00e9 \u00e0 l\u2019encontre de l\u2019influenceuse, qui avait \u00e9galement d\u00e9pos\u00e9 plainte. Le rappeur sera par ailleurs jug\u00e9 le 3\u00a0d\u00e9cembre pour injure raciste contre une journaliste et un essayiste, ainsi que pour cyberharc\u00e8lement aggrav\u00e9 s\u2019agissant de la premi\u00e8re.<\/p>\n","protected":false},"excerpt":{"rendered":"Le rappeur Booba, d\u00e9j\u00e0 poursuivi pour harc\u00e8lement, a \u00e9t\u00e9 \u00e0 nouveau mis en examen jeudi pour cette infraction,&hellip;\n","protected":false},"author":2,"featured_media":470362,"comment_status":"","ping_status":"","sticky":false,"template":"","format":"standard","meta":{"footnotes":""},"categories":[1355],"tags":[47,3646,58,59,1011,27,13444,303,22015,1361,873],"class_list":{"0":"post-470361","1":"post","2":"type-post","3":"status-publish","4":"format-standard","5":"has-post-thumbnail","7":"category-musique","8":"tag-actualite","9":"tag-booba","10":"tag-divertissement","11":"tag-entertainment","12":"tag-fr","13":"tag-france","14":"tag-gims","15":"tag-justice","16":"tag-magali-berdah","17":"tag-music","18":"tag-musique"},"share_on_mastodon":{"url":"https:\/\/pubeurope.com\/@fr\/115390474115592062","error":""},"_links":{"self":[{"href":"https:\/\/www.europesays.com\/fr\/wp-json\/wp\/v2\/posts\/470361","targetHints":{"allow":["GET"]}}],"collection":[{"href":"https:\/\/www.europesays.com\/fr\/wp-json\/wp\/v2\/posts"}],"about":[{"href":"https:\/\/www.europesays.com\/fr\/wp-json\/wp\/v2\/types\/post"}],"author":[{"embeddable":true,"href":"https:\/\/www.europesays.com\/fr\/wp-json\/wp\/v2\/users\/2"}],"replies":[{"embeddable":true,"href":"https:\/\/www.europesays.com\/fr\/wp-json\/wp\/v2\/comments?post=470361"}],"version-history":[{"count":0,"href":"https:\/\/www.europesays.com\/fr\/wp-json\/wp\/v2\/posts\/470361\/revisions"}],"wp:featuredmedia":[{"embeddable":true,"href":"https:\/\/www.europesays.com\/fr\/wp-json\/wp\/v2\/media\/470362"}],"wp:attachment":[{"href":"https:\/\/www.europesays.com\/fr\/wp-json\/wp\/v2\/media?parent=470361"}],"wp:term":[{"taxonomy":"category","embeddable":true,"href":"https:\/\/www.europesays.com\/fr\/wp-json\/wp\/v2\/categories?post=470361"},{"taxonomy":"post_tag","embeddable":true,"href":"https:\/\/www.europesays.com\/fr\/wp-json\/wp\/v2\/tags?post=470361"}],"curies":[{"name":"wp","href":"https:\/\/api.w.org\/{rel}","templated":true}]}}