{"id":470373,"date":"2025-10-17T16:39:13","date_gmt":"2025-10-17T16:39:13","guid":{"rendered":"https:\/\/www.europesays.com\/fr\/470373\/"},"modified":"2025-10-17T16:39:13","modified_gmt":"2025-10-17T16:39:13","slug":"les-pensions-complementaires-du-prive-ne-seront-pas-revalorisees","status":"publish","type":"post","link":"https:\/\/www.europesays.com\/fr\/470373\/","title":{"rendered":"les pensions compl\u00e9mentaires du priv\u00e9 ne seront pas revaloris\u00e9es"},"content":{"rendered":"<p>\n    Faute d\u2019accord entre les repr\u00e9sentants des organisations patronales et syndicales qui le composent, l\u2019Agirc-Arrco ne revalorisera pas ses pensions au 1er novembre. Le r\u00e9gime ne modifiera pas non plus la valeur d\u2019achat du point au 1er janvier 2026.<\/p>\n<p class=\"fig-paragraph\">Coup dur pour les quelque 14 millions de retrait\u00e9s du priv\u00e9. Les pensions compl\u00e9mentaires des ex-salari\u00e9s du priv\u00e9 ne seront pas revaloris\u00e9es au 1er novembre, \u00abfaute d\u2019accord\u00bb entre les syndicats et le patronat qui g\u00e8rent le r\u00e9gime, a annonc\u00e9 vendredi\u00a0<a href=\"http:\/\/www.lefigaro.fr\/conjoncture\/retraites-agirc-arrco-cette-augmentation-des-pensions-prevue-en-novembre-20250919\" data-fig-type=\"NewsFlash\" data-gtm-custom-categorie=\"navigation\" data-gtm-custom-action=\"crossclick\" data-gtm-custom-label=\"Contextuel\" data-gtm-event=\"customEventSPE\" data-fig-domain=\"LEFIGARO\" rel=\"nofollow noopener\" target=\"_blank\">l\u2019Agirc-Arrco<\/a>, apr\u00e8s une s\u00e9ance tendue selon plusieurs sources, sur laquelle planait la suspension de la r\u00e9forme des retraites.<\/p>\n<p class=\"fig-paragraph\">Chaque ann\u00e9e, les repr\u00e9sentants du personnel et des employeurs se r\u00e9unissent pour d\u00e9terminer le taux d\u2019\u00e9volution, qui doit tenir compte des pr\u00e9visions d\u2019inflation, de la conjoncture \u00e9conomique et des r\u00e9serves du r\u00e9gime. Sans accord, la r\u00e8gle veut qu\u2019elles ne soient pas revaloris\u00e9es. L\u2019ann\u00e9e derni\u00e8re, les pensions avaient \u00e9t\u00e9 revaloris\u00e9es de 1,6% au 1er novembre 2024.<\/p>\n<p>                                    <a class=\"fig-a11y-skip a11y-hidden\" href=\"#fig-a11y-skip-main-inarticle\"><br \/>\n        Passer la publicit\u00e9<br \/>\n    <\/a><\/p>\n<p class=\"fig-paragraph\">\u00abCe 17 octobre, faute d\u2019accord entre les repr\u00e9sentants des organisations patronales et syndicales qui le composent, les retraites compl\u00e9mentaires Agirc-Arrco ne seront pas revaloris\u00e9es au 1er novembre. La valeur d\u2019achat du point Agirc-Arrco ne sera pas modifi\u00e9e au 1er janvier 2026\u00bb, \u00e9crit ce r\u00e9gime, l\u2019Agirc-Arrco, dans un court communiqu\u00e9 vendredi.<\/p>\n<p>La suspension de la r\u00e9forme des retraites tend les d\u00e9bats<\/p>\n<p class=\"fig-paragraph\">Le calcul des partenaires sociaux doit garantir, sur les quinze prochaines ann\u00e9es, l\u2019\u00e9quilibre financier de l\u2019Agirc-Arrco. Selon sa r\u00e8gle d\u2019or, le r\u00e9gime doit avoir \u00ab\u00e0 tout moment, au moins six mois de versements des pensions\u00bb. Les r\u00e9serves de l\u2019Agirc-Arrco s\u2019\u00e9l\u00e8vent aujourd\u2019hui \u00e0 plus de 85 milliards d\u2019euros.<\/p>\n<p class=\"fig-paragraph\">En vertu d\u2019un accord paritaire sign\u00e9 en 2023 pour la p\u00e9riode 2024-2026, le conseil d\u2019administration est suppos\u00e9 sous-indexer la revalorisation, en retranchant \u00e0 l\u2019inflation 0,4 point. Mais il a une certaine latitude: en fonction de la sant\u00e9 du r\u00e9gime, il peut \u00e9lever ce taux jusqu\u2019\u00e0 hauteur de l\u2019inflation. Avec une inflation estim\u00e9e \u00e0 1% pour 2025 par l\u2019Insee, les partenaires sociaux pouvaient ainsi choisir cette ann\u00e9e un taux d\u2019\u00e9volution compris entre 0,2% et 1%.<\/p>\n<p class=\"fig-paragraph\">Arguant de la bonne sant\u00e9 du r\u00e9gime et d\u2019un choc qui s\u2019annonce pour les retrait\u00e9s, avec le projet du gouvernement de \u00abgeler\u00bb les pensions de retraite de base en 2026 pour faire des \u00e9conomies, les syndicats esp\u00e9raient s\u2019approcher au maximum de 1%. Mais la promesse de Matignon de \u00absuspendre\u00bb la r\u00e9forme des retraites jusqu\u2019\u00e0 la pr\u00e9sidentielle, qui h\u00e9risse le patronat, est venue compliquer l\u2019\u00e9quation et tendre les d\u00e9bats.<\/p>\n<p class=\"fig-paragraph\">Selon plusieurs sources pr\u00e9sentes, les organisations patronales ont propos\u00e9 la revalorisation minimale, soit 0,2%, et camp\u00e9 sur leurs positions, arguant de l\u2019instabilit\u00e9 et des incertitudes \u00e9conomiques. Les syndicats ont eux refus\u00e9 ce taux qu\u2019ils jugeaient \u00abinacceptable\u00bb.<\/p>\n<p>                                    <a class=\"fig-a11y-skip a11y-hidden\" href=\"#fig-a11y-skip-main-inarticle_mtf\"><br \/>\n        Passer la publicit\u00e9<br \/>\n    <\/a><\/p>\n<p><strong>Une revalorisation \u00e0 0,6% aurait \u00e9t\u00e9 \u00absoutenable\u00bb selon la CFDT<\/strong><\/p>\n<p class=\"fig-paragraph\">Dans un communiqu\u00e9, la CFDT pointe la \u00abresponsabilit\u00e9 du patronat\u00bb dans l\u2019\u00e9chec des n\u00e9gociations. Le syndicat r\u00e9formiste estime que la revalorisation de \u00ab0,2%\u00bb propos\u00e9e par le patronat \u00e9tait \u00abtotalement injustifiable\u00bb. \u00abLes projections financi\u00e8res montrent qu\u2019une revalorisation \u00e0 0,6% \u00e9tait totalement soutenable. Avec une telle revalorisation, l\u2019Agirc-Arrco restait financi\u00e8rement \u00e0 l\u2019\u00e9quilibre pour les 15 ann\u00e9es \u00e0 venir, avec des r\u00e9serves continuant \u00e0 cro\u00eetre\u00bb, explique la CFDT.<\/p>\n<p class=\"fig-paragraph\">Et d\u2019ajouter, cinglant\u00a0: \u00abAu moment o\u00f9 il est question de confier plus de responsabilit\u00e9s aux partenaires sociaux dans la gestion des retraites, le patronat fait apr\u00e8s le\u00a0<a href=\"http:\/\/www.lefigaro.fr\/social\/retraites-echaudes-par-le-conclave-syndicats-et-patronat-rejoindront-ils-la-conference-souhaitee-par-lecornu-20251015\" data-fig-type=\"Article\" data-gtm-custom-categorie=\"navigation\" data-gtm-custom-action=\"crossclick\" data-gtm-custom-label=\"Contextuel\" data-gtm-event=\"customEventSPE\" data-fig-domain=\"LEFIGARO\" rel=\"nofollow noopener\" target=\"_blank\">conclave\u00a0<\/a> et, pour la seconde fois en 2025, la d\u00e9monstration qu\u2019il n\u2019en est pas \u00e0 la hauteur.\u00bb<\/p>\n","protected":false},"excerpt":{"rendered":"Faute d\u2019accord entre les repr\u00e9sentants des organisations patronales et syndicales qui le composent, l\u2019Agirc-Arrco ne revalorisera pas ses&hellip;\n","protected":false},"author":2,"featured_media":470374,"comment_status":"","ping_status":"","sticky":false,"template":"","format":"standard","meta":{"footnotes":""},"categories":[6],"tags":[59404,35,33,34,1011,27],"class_list":{"0":"post-470373","1":"post","2":"type-post","3":"status-publish","4":"format-standard","5":"has-post-thumbnail","7":"category-economie","8":"tag-agirc-arrco","9":"tag-business","10":"tag-economie","11":"tag-economy","12":"tag-fr","13":"tag-france"},"share_on_mastodon":{"url":"https:\/\/pubeurope.com\/@fr\/115390497809433249","error":""},"_links":{"self":[{"href":"https:\/\/www.europesays.com\/fr\/wp-json\/wp\/v2\/posts\/470373","targetHints":{"allow":["GET"]}}],"collection":[{"href":"https:\/\/www.europesays.com\/fr\/wp-json\/wp\/v2\/posts"}],"about":[{"href":"https:\/\/www.europesays.com\/fr\/wp-json\/wp\/v2\/types\/post"}],"author":[{"embeddable":true,"href":"https:\/\/www.europesays.com\/fr\/wp-json\/wp\/v2\/users\/2"}],"replies":[{"embeddable":true,"href":"https:\/\/www.europesays.com\/fr\/wp-json\/wp\/v2\/comments?post=470373"}],"version-history":[{"count":0,"href":"https:\/\/www.europesays.com\/fr\/wp-json\/wp\/v2\/posts\/470373\/revisions"}],"wp:featuredmedia":[{"embeddable":true,"href":"https:\/\/www.europesays.com\/fr\/wp-json\/wp\/v2\/media\/470374"}],"wp:attachment":[{"href":"https:\/\/www.europesays.com\/fr\/wp-json\/wp\/v2\/media?parent=470373"}],"wp:term":[{"taxonomy":"category","embeddable":true,"href":"https:\/\/www.europesays.com\/fr\/wp-json\/wp\/v2\/categories?post=470373"},{"taxonomy":"post_tag","embeddable":true,"href":"https:\/\/www.europesays.com\/fr\/wp-json\/wp\/v2\/tags?post=470373"}],"curies":[{"name":"wp","href":"https:\/\/api.w.org\/{rel}","templated":true}]}}