{"id":470377,"date":"2025-10-17T16:41:12","date_gmt":"2025-10-17T16:41:12","guid":{"rendered":"https:\/\/www.europesays.com\/fr\/470377\/"},"modified":"2025-10-17T16:41:12","modified_gmt":"2025-10-17T16:41:12","slug":"le-massacre-de-tirailleurs-en-1944-par-larmee-francaise-a-ete-premedite-et-camoufle-affirme-un-rapport","status":"publish","type":"post","link":"https:\/\/www.europesays.com\/fr\/470377\/","title":{"rendered":"le massacre de tirailleurs en 1944 par l\u2019arm\u00e9e fran\u00e7aise a \u00e9t\u00e9 \u00abpr\u00e9m\u00e9dit\u00e9\u00bb et \u00abcamoufl\u00e9\u00bb, affirme un rapport"},"content":{"rendered":"<p>\n    Un rapport remis au pr\u00e9sident s\u00e9n\u00e9galais d\u00e9nonce une dissimulation d\u2019ampleur et estime que le nombre de victimes de Thiaroye en 1944 serait bien plus \u00e9lev\u00e9 que les chiffres avanc\u00e9s \u00e0 l\u2019\u00e9poque.<\/p>\n<p class=\"fig-paragraph\">Le massacre par l&rsquo;arm\u00e9e fran\u00e7aise en 1944 au\u00a0<a href=\"http:\/\/www.lefigaro.fr\/international\/dossier\/crise-au-senegal-notre-dossier-pour-tout-comprendre\" data-fig-type=\"Topic\" data-gtm-custom-categorie=\"navigation\" data-gtm-custom-action=\"crossclick\" data-gtm-custom-label=\"Contextuel\" data-gtm-event=\"customEventSPE\" data-fig-domain=\"LEFIGARO\" target=\"_blank\" rel=\"noopener\">S\u00e9n\u00e9gal\u00a0<\/a>de tirailleurs africains qui r\u00e9clamaient leurs soldes a \u00e9t\u00e9 \u00abpr\u00e9m\u00e9dit\u00e9\u00bb et \u00abcamoufl\u00e9\u00bb, et son bilan est sans doute largement sous-estim\u00e9, d\u00e9nonce un Livre blanc remis jeudi 16 octobre au pr\u00e9sident s\u00e9n\u00e9galais, dont l&rsquo;AFP a obtenu une copie en exclusivit\u00e9.<\/p>\n<p class=\"fig-paragraph\">Le traumatisme li\u00e9 au massacre de ces tirailleurs originaires de plusieurs pays ouest-africains (S\u00e9n\u00e9gal, C\u00f4te d&rsquo;Ivoire, Guin\u00e9e, Haute-Volta &#8211; devenue aujourd&rsquo;hui le\u00a0<a href=\"http:\/\/www.lefigaro.fr\/flash-actu\/burkina-faso-huit-membres-d-une-ong-dont-trois-ressortissants-europeens-arrete-pour-espionnage-par-la-junte-20251007\" data-fig-type=\"NewsFlash\" data-gtm-custom-categorie=\"navigation\" data-gtm-custom-action=\"crossclick\" data-gtm-custom-label=\"Contextuel\" data-gtm-event=\"customEventSPE\" data-fig-domain=\"LEFIGARO\" target=\"_blank\" rel=\"noopener\">Burkina Faso<\/a>), rapatri\u00e9s apr\u00e8s avoir combattu pour l&rsquo;arm\u00e9e fran\u00e7aise en Europe lors de la Seconde guerre mondiale et qui r\u00e9clamaient le paiement d&rsquo;arri\u00e9r\u00e9s de soldes avant de rentrer chez eux, est toujours vif au S\u00e9n\u00e9gal et dans les autres pays concern\u00e9s.<\/p>\n<p>                                    <a class=\"fig-a11y-skip a11y-hidden\" href=\"#fig-a11y-skip-main-inarticle\"><br \/>\n        Passer la publicit\u00e9<br \/>\n    <\/a><\/p>\n<p class=\"fig-paragraph\">Selon le bilan des autorit\u00e9s coloniales fran\u00e7aises \u00e0 l&rsquo;\u00e9poque, au moins 35 tirailleurs avaient trouv\u00e9 la mort lors de ce massacre au\u00a0<a href=\"https:\/\/video.lefigaro.fr\/figaro\/international\/le-senegal-commemore-le-80eme-anniversaire-du-massacre-de-thiaroye-20241201\" data-fig-type=\"Video\" data-gtm-custom-categorie=\"navigation\" data-gtm-custom-action=\"crossclick\" data-gtm-custom-label=\"Contextuel\" data-gtm-event=\"customEventSPE\" data-fig-domain=\"LEFIGARO\" target=\"_blank\" rel=\"noopener\">camp de Thiaroye<\/a>, pr\u00e8s de Dakar, o\u00f9 ils \u00e9taient rassembl\u00e9s. Un bilan sans doute tr\u00e8s largement sous-estim\u00e9, affirme le comit\u00e9 de chercheurs auteurs du rapport, pour qui les \u00abestimations les plus cr\u00e9dibles avancent les chiffres de 300 \u00e0 400\u00bb morts.<\/p>\n","protected":false},"excerpt":{"rendered":"Un rapport remis au pr\u00e9sident s\u00e9n\u00e9galais d\u00e9nonce une dissimulation d\u2019ampleur et estime que le nombre de victimes de&hellip;\n","protected":false},"author":2,"featured_media":470378,"comment_status":"","ping_status":"","sticky":false,"template":"","format":"standard","meta":{"footnotes":""},"categories":[4],"tags":[11,33183,1011,27,12,25,880],"class_list":{"0":"post-470377","1":"post","2":"type-post","3":"status-publish","4":"format-standard","5":"has-post-thumbnail","7":"category-france","8":"tag-actualites","9":"tag-armee-francaise","10":"tag-fr","11":"tag-france","12":"tag-news","13":"tag-republique-francaise","14":"tag-senegal"},"share_on_mastodon":{"url":"https:\/\/pubeurope.com\/@fr\/115390505575747802","error":""},"_links":{"self":[{"href":"https:\/\/www.europesays.com\/fr\/wp-json\/wp\/v2\/posts\/470377","targetHints":{"allow":["GET"]}}],"collection":[{"href":"https:\/\/www.europesays.com\/fr\/wp-json\/wp\/v2\/posts"}],"about":[{"href":"https:\/\/www.europesays.com\/fr\/wp-json\/wp\/v2\/types\/post"}],"author":[{"embeddable":true,"href":"https:\/\/www.europesays.com\/fr\/wp-json\/wp\/v2\/users\/2"}],"replies":[{"embeddable":true,"href":"https:\/\/www.europesays.com\/fr\/wp-json\/wp\/v2\/comments?post=470377"}],"version-history":[{"count":0,"href":"https:\/\/www.europesays.com\/fr\/wp-json\/wp\/v2\/posts\/470377\/revisions"}],"wp:featuredmedia":[{"embeddable":true,"href":"https:\/\/www.europesays.com\/fr\/wp-json\/wp\/v2\/media\/470378"}],"wp:attachment":[{"href":"https:\/\/www.europesays.com\/fr\/wp-json\/wp\/v2\/media?parent=470377"}],"wp:term":[{"taxonomy":"category","embeddable":true,"href":"https:\/\/www.europesays.com\/fr\/wp-json\/wp\/v2\/categories?post=470377"},{"taxonomy":"post_tag","embeddable":true,"href":"https:\/\/www.europesays.com\/fr\/wp-json\/wp\/v2\/tags?post=470377"}],"curies":[{"name":"wp","href":"https:\/\/api.w.org\/{rel}","templated":true}]}}