{"id":470381,"date":"2025-10-17T16:43:11","date_gmt":"2025-10-17T16:43:11","guid":{"rendered":"https:\/\/www.europesays.com\/fr\/470381\/"},"modified":"2025-10-17T16:43:11","modified_gmt":"2025-10-17T16:43:11","slug":"roche-la-moliere-une-troisieme-semaine-du-manga-a-la-mediatheque","status":"publish","type":"post","link":"https:\/\/www.europesays.com\/fr\/470381\/","title":{"rendered":"Roche-la-Moli\u00e8re. Une troisi\u00e8me Semaine du manga \u00e0 la m\u00e9diath\u00e8que"},"content":{"rendered":"<blockquote class=\"question\"><p>Pourquoi une troisi\u00e8me ann\u00e9e pour cette Semaine du manga\u00a0?<\/p><\/blockquote>\n<p>\u00ab\u00a0Pour la troisi\u00e8me ann\u00e9e cons\u00e9cutive, on renouvelle la Semaine du manga parce que c\u2019est un temps fort dans l\u2019ann\u00e9e de la m\u00e9diath\u00e8que. \u00c7a a bien march\u00e9 les ann\u00e9es pr\u00e9c\u00e9dentes, on renouvelle cette semaine avec de nouvelles animations avec toutes les \u00e9quipes du centre culturel Opsis, la microfolie avec le mus\u00e9e num\u00e9rique, le cin\u00e9ma, la ludoth\u00e8que et la m\u00e9diath\u00e8que, \u00e9videmment.\u00a0\u00bb<\/p>\n<blockquote class=\"question\"><p>Avez-vous un th\u00e8me particulier cette ann\u00e9e\u00a0?<\/p><\/blockquote>\n<p>\u00ab\u00a0C\u2019est la Semaine du manga et, par extension, celle du Japon, comme les ann\u00e9es pr\u00e9c\u00e9dentes.\u00a0\u00bb<\/p>\n<blockquote class=\"question\"><p>Y aura-t-il un moment particulier\u00a0?<\/p><\/blockquote>\n<p>\u00ab\u00a0Oui, \u00e7a sera le spectacle qui&#8230;<\/p>\n","protected":false},"excerpt":{"rendered":"Pourquoi une troisi\u00e8me ann\u00e9e pour cette Semaine du manga\u00a0? \u00ab\u00a0Pour la troisi\u00e8me ann\u00e9e cons\u00e9cutive, on renouvelle la Semaine&hellip;\n","protected":false},"author":2,"featured_media":470382,"comment_status":"","ping_status":"","sticky":false,"template":"","format":"standard","meta":{"footnotes":""},"categories":[9653],"tags":[1111,11,2430,1687,7539,1777,674,1011,27,12,25,12490,12491,4001],"class_list":{"0":"post-470381","1":"post","2":"type-post","3":"status-publish","4":"format-standard","5":"has-post-thumbnail","7":"category-saint-etienne","8":"tag-actu","9":"tag-actualites","10":"tag-auvergne-rhone-alpes","11":"tag-culture-loisirs","12":"tag-edition-loire-sud","13":"tag-eu","14":"tag-europe","15":"tag-fr","16":"tag-france","17":"tag-news","18":"tag-republique-francaise","19":"tag-roche-la-moliere","20":"tag-roche-la-moliere-bassin","21":"tag-saint-etienne"},"share_on_mastodon":{"url":"https:\/\/pubeurope.com\/@fr\/115390513356305605","error":""},"_links":{"self":[{"href":"https:\/\/www.europesays.com\/fr\/wp-json\/wp\/v2\/posts\/470381","targetHints":{"allow":["GET"]}}],"collection":[{"href":"https:\/\/www.europesays.com\/fr\/wp-json\/wp\/v2\/posts"}],"about":[{"href":"https:\/\/www.europesays.com\/fr\/wp-json\/wp\/v2\/types\/post"}],"author":[{"embeddable":true,"href":"https:\/\/www.europesays.com\/fr\/wp-json\/wp\/v2\/users\/2"}],"replies":[{"embeddable":true,"href":"https:\/\/www.europesays.com\/fr\/wp-json\/wp\/v2\/comments?post=470381"}],"version-history":[{"count":0,"href":"https:\/\/www.europesays.com\/fr\/wp-json\/wp\/v2\/posts\/470381\/revisions"}],"wp:featuredmedia":[{"embeddable":true,"href":"https:\/\/www.europesays.com\/fr\/wp-json\/wp\/v2\/media\/470382"}],"wp:attachment":[{"href":"https:\/\/www.europesays.com\/fr\/wp-json\/wp\/v2\/media?parent=470381"}],"wp:term":[{"taxonomy":"category","embeddable":true,"href":"https:\/\/www.europesays.com\/fr\/wp-json\/wp\/v2\/categories?post=470381"},{"taxonomy":"post_tag","embeddable":true,"href":"https:\/\/www.europesays.com\/fr\/wp-json\/wp\/v2\/tags?post=470381"}],"curies":[{"name":"wp","href":"https:\/\/api.w.org\/{rel}","templated":true}]}}