{"id":470383,"date":"2025-10-17T16:44:20","date_gmt":"2025-10-17T16:44:20","guid":{"rendered":"https:\/\/www.europesays.com\/fr\/470383\/"},"modified":"2025-10-17T16:44:20","modified_gmt":"2025-10-17T16:44:20","slug":"saint-etienne-espace-de-creations-et-de-services-escalier-b-voit-le-jour","status":"publish","type":"post","link":"https:\/\/www.europesays.com\/fr\/470383\/","title":{"rendered":"Saint-\u00c9tienne. Espace de cr\u00e9ations et de services, Escalier B voit le jour"},"content":{"rendered":"<p>Amies de 30 ans et toutes deux dipl\u00f4m\u00e9es des Beaux-arts, Marina Burdin et Laurence Botte se sont trouv\u00e9es au m\u00eame moment \u00e0 un tournant de leurs carri\u00e8res respectives. En reconversion professionnelle apr\u00e8s avoir travaill\u00e9 dans le social, \u00ab\u00a0o\u00f9 nous n\u2019\u00e9tions pas \u00e9panouies\u00a0\u00bb, et plut\u00f4t que de faire \u00ab\u00a0un boulot alimentaire\u00a0\u00bb, elles ont choisi de travailler ensemble.<\/p>\n<p>\u00ab\u00a0Nous sommes ouvertes \u00e0 toutes les suggestions et propositions. On peut cr\u00e9er l\u2019espace \u00e0 la demande.\u00a0\u00bb<\/p>\n<p>Il y a un an, elles ont donc d\u00e9cid\u00e9 de cr\u00e9er Escalier B, \u00ab\u00a0un&#8230;<\/p>\n","protected":false},"excerpt":{"rendered":"Amies de 30 ans et toutes deux dipl\u00f4m\u00e9es des Beaux-arts, Marina Burdin et Laurence Botte se sont trouv\u00e9es&hellip;\n","protected":false},"author":2,"featured_media":470384,"comment_status":"","ping_status":"","sticky":false,"template":"","format":"standard","meta":{"footnotes":""},"categories":[9653],"tags":[1111,11,2430,7539,1777,674,1011,27,12,25,4001,7538,104,1631],"class_list":{"0":"post-470383","1":"post","2":"type-post","3":"status-publish","4":"format-standard","5":"has-post-thumbnail","7":"category-saint-etienne","8":"tag-actu","9":"tag-actualites","10":"tag-auvergne-rhone-alpes","11":"tag-edition-loire-sud","12":"tag-eu","13":"tag-europe","14":"tag-fr","15":"tag-france","16":"tag-news","17":"tag-republique-francaise","18":"tag-saint-etienne","19":"tag-saint-etienne-ville","20":"tag-societe","21":"tag-vie-associative"},"share_on_mastodon":{"url":"https:\/\/pubeurope.com\/@fr\/115390517279124391","error":""},"_links":{"self":[{"href":"https:\/\/www.europesays.com\/fr\/wp-json\/wp\/v2\/posts\/470383","targetHints":{"allow":["GET"]}}],"collection":[{"href":"https:\/\/www.europesays.com\/fr\/wp-json\/wp\/v2\/posts"}],"about":[{"href":"https:\/\/www.europesays.com\/fr\/wp-json\/wp\/v2\/types\/post"}],"author":[{"embeddable":true,"href":"https:\/\/www.europesays.com\/fr\/wp-json\/wp\/v2\/users\/2"}],"replies":[{"embeddable":true,"href":"https:\/\/www.europesays.com\/fr\/wp-json\/wp\/v2\/comments?post=470383"}],"version-history":[{"count":0,"href":"https:\/\/www.europesays.com\/fr\/wp-json\/wp\/v2\/posts\/470383\/revisions"}],"wp:featuredmedia":[{"embeddable":true,"href":"https:\/\/www.europesays.com\/fr\/wp-json\/wp\/v2\/media\/470384"}],"wp:attachment":[{"href":"https:\/\/www.europesays.com\/fr\/wp-json\/wp\/v2\/media?parent=470383"}],"wp:term":[{"taxonomy":"category","embeddable":true,"href":"https:\/\/www.europesays.com\/fr\/wp-json\/wp\/v2\/categories?post=470383"},{"taxonomy":"post_tag","embeddable":true,"href":"https:\/\/www.europesays.com\/fr\/wp-json\/wp\/v2\/tags?post=470383"}],"curies":[{"name":"wp","href":"https:\/\/api.w.org\/{rel}","templated":true}]}}