{"id":470393,"date":"2025-10-17T16:49:13","date_gmt":"2025-10-17T16:49:13","guid":{"rendered":"https:\/\/www.europesays.com\/fr\/470393\/"},"modified":"2025-10-17T16:49:13","modified_gmt":"2025-10-17T16:49:13","slug":"impressionnant-incendie-des-flammes-de-20-metres-embrasent-une-villa-abandonnee","status":"publish","type":"post","link":"https:\/\/www.europesays.com\/fr\/470393\/","title":{"rendered":"impressionnant incendie, des flammes de 20 m\u00e8tres embrasent une villa abandonn\u00e9e"},"content":{"rendered":"<p>            Par<br \/>\n        <strong><br \/>\n            <a href=\"https:\/\/actu.fr\/auteur\/metropoop\" title=\"Consulter tous les articles de R\u00e9daction M\u00e9tropolitain\" rel=\"nofollow noopener\" target=\"_blank\">R\u00e9daction M\u00e9tropolitain<\/a><br \/>\n        <\/strong><\/p>\n<p>        Publi\u00e9 le<\/p>\n<p>            17 oct. 2025 \u00e0 18h17<br \/>\n        ; mis \u00e0 jour le 17 oct. 2025 \u00e0 18h30    <\/p>\n<p>Vers 17h15, les passants ont vu une colonne de fum\u00e9e noire s\u2019\u00e9lever au-dessus du quartier de la Croix d\u2019Argent, <strong>ce vendredi 17 octobre 2025<\/strong>. Une villa situ\u00e9e \u00e0 l\u2019angle de l\u2019avenue Villeneuve d\u2019Angoul\u00eame et de la rue Marcel Paul \u00e9tait enti\u00e8rement en feu. Les flammes, hautes de pr\u00e8s de vingt m\u00e8tres, ont gagn\u00e9 les cypr\u00e8s et les autres arbres du jardin.<\/p>\n<p>    <a href=\"https:\/\/www.google.com\/maps\/embed?pb=!1m18!1m12!1m3!1d2889.6894981339615!2d3.864095976459088!3d43.59218347110507!2m3!1f0!2f0!3f0!3m2!1i1024!2i768!4f13.1!3m3!1m2!1s0x12b6afb5427d7b3d%3A0xcffd9cc614636364!2sAv.%20Villeneuve%20d%27Angoul%C3%AAme%2C%20Montpellier!5e0!3m2!1sen!2sfr!4v1760717817306!5m2!1sen!2sfr\" title=\"Ouvrie le lien\" rel=\"nofollow noopener\" target=\"_blank\">Cliquez ici pour visualiser le contenu<\/a><\/p>\n<p class=\" wall-content\">La maison, d\u2019environ cent m\u00e8tres carr\u00e9s, appartenait autrefois \u00e0 un architecte. Elle \u00e9tait aujourd\u2019hui squatt\u00e9e. Des explosions de bouteilles de gaz ont retenti dans le fracas du sinistre.<\/p>\n<p>    <img   decoding=\"async\" loading=\"lazy\" src=\"https:\/\/www.europesays.com\/fr\/wp-content\/uploads\/2025\/10\/img-2069-960x640.jpg\" alt=\"Les cypr\u00e8s et les haies de la propri\u00e9t\u00e9 se sont embras\u00e9s \u00e0 leur tour.\" width=\"960\" height=\"640\"\/><br \/>\n    Les cypr\u00e8s et les haies de la propri\u00e9t\u00e9 se sont embras\u00e9s \u00e0 leur tour. (\u00a9M\u00e9tropolitain \/ JMA)Des moyens importants d\u00e9ploy\u00e9s<\/p>\n<p class=\" wall-content\">Cinq camions de pompiers ont converg\u00e9 vers les lieux, dont une ambulance et le m\u00e9decin du Sdis 34. Une grande \u00e9chelle a \u00e9t\u00e9 d\u00e9ploy\u00e9e pour ma\u00eetriser les flammes, la police municipale et la police nationale ont s\u00e9curis\u00e9 le p\u00e9rim\u00e8tre. \u00c0 noter que la m\u00eame villa avait d\u00e9j\u00e0 \u00e9t\u00e9 touch\u00e9e par un incendie il y a trois jours. Malgr\u00e9 l\u2019intensit\u00e9 du feu, la circulation du tramway de la ligne 2 n\u2019a pas \u00e9t\u00e9 interrompue.<\/p>\n<p>Vid\u00e9os : en ce moment sur Actu<br \/>\n    <img   decoding=\"async\" loading=\"lazy\" src=\"https:\/\/www.europesays.com\/fr\/wp-content\/uploads\/2025\/10\/img-2065-960x640.jpg\" alt=\"Les forces de l\u2019ordre ont accompagn\u00e9 les \u00e9quipes du Sdis.\" width=\"960\" height=\"640\"\/><br \/>\n    Les forces de l\u2019ordre ont accompagn\u00e9 les \u00e9quipes du Sdis. (\u00a9M\u00e9tropolitain \/ JMA)<\/p>\n<p class=\" wall-content\">Personnalisez votre actualit\u00e9 en ajoutant vos villes et m\u00e9dias en favori avec <a href=\"https:\/\/moncompte.actu.fr\" title=\"D\u00e9couvez Mon Actu\" rel=\"nofollow noopener\" data-trk=\"{&quot;cta&quot;:{&quot;action&quot;:&quot;https:\\\/\\\/moncompte.actu.fr&quot;,&quot;category&quot;:&quot;mon compte&quot;,&quot;from&quot;:&quot;article footer&quot;,&quot;name&quot;:&quot;Mon actu&quot;,&quot;type&quot;:&quot;cta&quot;}}\" target=\"_blank\">Mon Actu<\/a>.<\/p>\n","protected":false},"excerpt":{"rendered":"Par R\u00e9daction M\u00e9tropolitain Publi\u00e9 le 17 oct. 2025 \u00e0 18h17 ; mis \u00e0 jour le 17 oct. 2025&hellip;\n","protected":false},"author":2,"featured_media":470394,"comment_status":"","ping_status":"","sticky":false,"template":"","format":"standard","meta":{"footnotes":""},"categories":[9599],"tags":[1111,11,1777,674,118,1011,27,1310,2208,12,2680,1072,1311,25],"class_list":{"0":"post-470393","1":"post","2":"type-post","3":"status-publish","4":"format-standard","5":"has-post-thumbnail","7":"category-montpellier","8":"tag-actu","9":"tag-actualites","10":"tag-eu","11":"tag-europe","12":"tag-faits-divers","13":"tag-fr","14":"tag-france","15":"tag-incendie","16":"tag-montpellier","17":"tag-news","18":"tag-occitanie","19":"tag-police","20":"tag-pompiers","21":"tag-republique-francaise"},"share_on_mastodon":{"url":"https:\/\/pubeurope.com\/@fr\/115390537992848804","error":""},"_links":{"self":[{"href":"https:\/\/www.europesays.com\/fr\/wp-json\/wp\/v2\/posts\/470393","targetHints":{"allow":["GET"]}}],"collection":[{"href":"https:\/\/www.europesays.com\/fr\/wp-json\/wp\/v2\/posts"}],"about":[{"href":"https:\/\/www.europesays.com\/fr\/wp-json\/wp\/v2\/types\/post"}],"author":[{"embeddable":true,"href":"https:\/\/www.europesays.com\/fr\/wp-json\/wp\/v2\/users\/2"}],"replies":[{"embeddable":true,"href":"https:\/\/www.europesays.com\/fr\/wp-json\/wp\/v2\/comments?post=470393"}],"version-history":[{"count":0,"href":"https:\/\/www.europesays.com\/fr\/wp-json\/wp\/v2\/posts\/470393\/revisions"}],"wp:featuredmedia":[{"embeddable":true,"href":"https:\/\/www.europesays.com\/fr\/wp-json\/wp\/v2\/media\/470394"}],"wp:attachment":[{"href":"https:\/\/www.europesays.com\/fr\/wp-json\/wp\/v2\/media?parent=470393"}],"wp:term":[{"taxonomy":"category","embeddable":true,"href":"https:\/\/www.europesays.com\/fr\/wp-json\/wp\/v2\/categories?post=470393"},{"taxonomy":"post_tag","embeddable":true,"href":"https:\/\/www.europesays.com\/fr\/wp-json\/wp\/v2\/tags?post=470393"}],"curies":[{"name":"wp","href":"https:\/\/api.w.org\/{rel}","templated":true}]}}