{"id":470399,"date":"2025-10-17T16:53:15","date_gmt":"2025-10-17T16:53:15","guid":{"rendered":"https:\/\/www.europesays.com\/fr\/470399\/"},"modified":"2025-10-17T16:53:15","modified_gmt":"2025-10-17T16:53:15","slug":"pres-de-grenoble-un-motard-de-35-ans-gravement-blesse-dans-un-violent-accident-de-la-route","status":"publish","type":"post","link":"https:\/\/www.europesays.com\/fr\/470399\/","title":{"rendered":"Pr\u00e8s de Grenoble. Un motard de 35 ans gravement bless\u00e9 dans un violent accident de la route"},"content":{"rendered":"<p>            Par<br \/>\n        <strong><br \/>\n            <a href=\"https:\/\/actu.fr\/auteur\/lisa-rodrigues\" title=\"Consulter tous les articles de Lisa Rodrigues\" rel=\"nofollow noopener\" target=\"_blank\">Lisa Rodrigues<\/a><br \/>\n        <\/strong><\/p>\n<p>        Publi\u00e9 le<\/p>\n<p>            17 oct. 2025 \u00e0 17h42        <\/p>\n<p>Le choc a \u00e9t\u00e9 terrible. Vendredi 17 octobre, vers 11h45, les secours ont \u00e9t\u00e9 appel\u00e9s pour un <strong>accident de la circulation<\/strong> au niveau de la commune de Gi\u00e8res, sur la RD 524, pr\u00e8s de <a href=\"https:\/\/actu.fr\/auvergne-rhone-alpes\/grenoble_38185\" rel=\"nofollow noopener\" target=\"_blank\">Grenoble<\/a>.<\/p>\n<p>    <a href=\"https:\/\/www.google.com\/maps\/embed?pb=!1m18!1m12!1m3!1d3864.498032147726!2d5.787941712138587!3d45.17324017306464!2m3!1f0!2f0!3f0!3m2!1i1024!2i768!4f13.1!3m3!1m2!1s0x478af560d94969f9%3A0x96c101fc8f572108!2sLa%20Combe%20de%20Gi%C3%A8res%2C%2038610%20Gi%C3%A8res!5e0!3m2!1sfr!2sfr!4v1760714370315!5m2!1sfr!2sfr\" title=\"Ouvrie le lien\" rel=\"nofollow noopener\" target=\"_blank\">Cliquez ici pour visualiser le contenu<\/a><\/p>\n<p class=\" wall-content\">C\u2019est sur cet axe tr\u00e8s emprunt\u00e9 qu\u2019un <strong>homme de 35 ans<\/strong> a, pour une raison inconnue, perdu le contr\u00f4le de sa moto, avant de violemment percuter une barri\u00e8re de s\u00e9curit\u00e9, rapporte la DIPN 38.<\/p>\n<p>Multiples fractures<\/p>\n<p class=\" wall-content\">La victime souffre de plusieurs blessures graves : plaie profonde au niveau du bassin, et fractures suppos\u00e9es sur les deux tibias et les deux f\u00e9murs.<\/p>\n<p class=\" wall-content\">Il a \u00e9t\u00e9 transport\u00e9 vers le <a href=\"https:\/\/actu.fr\/tag\/chu-grenoble-alpes\" rel=\"nofollow noopener\" target=\"_blank\">CHU Grenoble-Alpes<\/a> avec son <strong>pronostic vital engag\u00e9<\/strong>.<\/p>\n<p class=\" wall-content\">La combe de Gi\u00e8res est une route r\u00e9put\u00e9e dangereuse pour les deux roues, et notamment les v\u00e9los. <a href=\"https:\/\/actu.fr\/auvergne-rhone-alpes\/gieres_38179\/grenoble-des-travaux-annonces-sur-cette-route-dangereuse-les-cyclistes-veulent-plus_62827159.html\" rel=\"nofollow noopener\" target=\"_blank\">Des travaux<\/a> doivent \u00eatre lanc\u00e9s prochainement.<\/p>\n<p class=\" wall-content\">Personnalisez votre actualit\u00e9 en ajoutant vos villes et m\u00e9dias en favori avec <a href=\"https:\/\/moncompte.actu.fr\" title=\"D\u00e9couvez Mon Actu\" rel=\"nofollow noopener\" data-trk=\"{&quot;cta&quot;:{&quot;action&quot;:&quot;https:\\\/\\\/moncompte.actu.fr&quot;,&quot;category&quot;:&quot;mon compte&quot;,&quot;from&quot;:&quot;article footer&quot;,&quot;name&quot;:&quot;Mon actu&quot;,&quot;type&quot;:&quot;cta&quot;}}\" target=\"_blank\">Mon Actu<\/a>.<\/p>\n","protected":false},"excerpt":{"rendered":"Par Lisa Rodrigues Publi\u00e9 le 17 oct. 2025 \u00e0 17h42 Le choc a \u00e9t\u00e9 terrible. Vendredi 17 octobre,&hellip;\n","protected":false},"author":2,"featured_media":470400,"comment_status":"","ping_status":"","sticky":false,"template":"","format":"standard","meta":{"footnotes":""},"categories":[9566],"tags":[119,1111,11,2430,1777,674,118,1011,27,2731,12,1072,1311,25],"class_list":{"0":"post-470399","1":"post","2":"type-post","3":"status-publish","4":"format-standard","5":"has-post-thumbnail","7":"category-grenoble","8":"tag-accident","9":"tag-actu","10":"tag-actualites","11":"tag-auvergne-rhone-alpes","12":"tag-eu","13":"tag-europe","14":"tag-faits-divers","15":"tag-fr","16":"tag-france","17":"tag-grenoble","18":"tag-news","19":"tag-police","20":"tag-pompiers","21":"tag-republique-francaise"},"share_on_mastodon":{"url":"https:\/\/pubeurope.com\/@fr\/115390552655618442","error":""},"_links":{"self":[{"href":"https:\/\/www.europesays.com\/fr\/wp-json\/wp\/v2\/posts\/470399","targetHints":{"allow":["GET"]}}],"collection":[{"href":"https:\/\/www.europesays.com\/fr\/wp-json\/wp\/v2\/posts"}],"about":[{"href":"https:\/\/www.europesays.com\/fr\/wp-json\/wp\/v2\/types\/post"}],"author":[{"embeddable":true,"href":"https:\/\/www.europesays.com\/fr\/wp-json\/wp\/v2\/users\/2"}],"replies":[{"embeddable":true,"href":"https:\/\/www.europesays.com\/fr\/wp-json\/wp\/v2\/comments?post=470399"}],"version-history":[{"count":0,"href":"https:\/\/www.europesays.com\/fr\/wp-json\/wp\/v2\/posts\/470399\/revisions"}],"wp:featuredmedia":[{"embeddable":true,"href":"https:\/\/www.europesays.com\/fr\/wp-json\/wp\/v2\/media\/470400"}],"wp:attachment":[{"href":"https:\/\/www.europesays.com\/fr\/wp-json\/wp\/v2\/media?parent=470399"}],"wp:term":[{"taxonomy":"category","embeddable":true,"href":"https:\/\/www.europesays.com\/fr\/wp-json\/wp\/v2\/categories?post=470399"},{"taxonomy":"post_tag","embeddable":true,"href":"https:\/\/www.europesays.com\/fr\/wp-json\/wp\/v2\/tags?post=470399"}],"curies":[{"name":"wp","href":"https:\/\/api.w.org\/{rel}","templated":true}]}}