{"id":470401,"date":"2025-10-17T16:54:16","date_gmt":"2025-10-17T16:54:16","guid":{"rendered":"https:\/\/www.europesays.com\/fr\/470401\/"},"modified":"2025-10-17T16:54:16","modified_gmt":"2025-10-17T16:54:16","slug":"grenoble-laviron-grenoblois-organise-deux-stages-pendant-les-vacances","status":"publish","type":"post","link":"https:\/\/www.europesays.com\/fr\/470401\/","title":{"rendered":"Grenoble. L\u2019Aviron grenoblois organise deux stages pendant les vacances"},"content":{"rendered":"<p>Club historique et figure majeure du sport is\u00e9rois, l\u2019Aviron grenoblois, avec plus de 250 licenci\u00e9s, s\u2019adresse \u00e0 tous les publics, jeunes, adultes, loisirs ou comp\u00e9titeurs, et d\u00e9fend une m\u00eame philosophie\u00a0: faire de l\u2019aviron un sport accessible, formateur et f\u00e9d\u00e9rateur.<\/p>\n<p>C\u2019est sur sa base du pont d\u2019Oxford, dans un cadre naturel privil\u00e9gi\u00e9, que le club propose tout au long de l\u2019ann\u00e9e des activit\u00e9s nautiques encadr\u00e9es par une \u00e9quipe d\u2019\u00e9ducateurs passionn\u00e9s.<\/p>\n<p>  D\u00e9couvrir ou approfondir<\/p>\n<p>\u00c0 l\u2019occasion des vacances de la Toussaint, l\u2019Aviron grenoblois ouvre grand ses portes avec deux stages d\u2019automne destin\u00e9s \u00e0 faire d\u00e9couvrir ou approfondir la pratique du rameur sur l\u2019eau. Un stage jeunes, pour les 10-17 ans, aura lieu du lundi\u00a020 au vendredi 24\u00a0octobre, chaque matin de 10\u00a0h \u00e0 12\u00a0h, pour une initiation ludique et sportive. Les participants apprendront les gestes techniques, le sens du collectif et la ma\u00eetrise de leur embarcation. Un stage adultes (\u00e0 partir de 18 ans) se d\u00e9roulera les lundi\u00a020 et mardi 21\u00a0octobre, de 12\u00a0h \u00e0 14\u00a0h, pour une d\u00e9couverte ou un perfectionnement adapt\u00e9 au niveau de chacun.<\/p>\n<p>Ces stages offrent une exp\u00e9rience compl\u00e8te sur l\u2019eau, conjuguant d\u00e9passement de soi, bien-\u00eatre et plaisir du mouvement. Ils sont ouverts \u00e0 tous, sans pr\u00e9requis, et constituent une belle occasion de go\u00fbter \u00e0 l\u2019esprit d\u2019\u00e9quipe qui anime le club.<\/p>\n<p class=\"note\">Pour s\u2019inscrire ou obtenir davantage d\u2019informations, rendez-vous sur www.aviron-grenoblois.com<\/p>\n","protected":false},"excerpt":{"rendered":"Club historique et figure majeure du sport is\u00e9rois, l\u2019Aviron grenoblois, avec plus de 250 licenci\u00e9s, s\u2019adresse \u00e0 tous&hellip;\n","protected":false},"author":2,"featured_media":470402,"comment_status":"","ping_status":"","sticky":false,"template":"","format":"standard","meta":{"footnotes":""},"categories":[9566],"tags":[1111,11,2430,112,1777,674,1011,27,2731,2732,12,25],"class_list":{"0":"post-470401","1":"post","2":"type-post","3":"status-publish","4":"format-standard","5":"has-post-thumbnail","7":"category-grenoble","8":"tag-actu","9":"tag-actualites","10":"tag-auvergne-rhone-alpes","11":"tag-edition-grenoble-agglomeration","12":"tag-eu","13":"tag-europe","14":"tag-fr","15":"tag-france","16":"tag-grenoble","17":"tag-grenoble-bassin","18":"tag-news","19":"tag-republique-francaise"},"share_on_mastodon":{"url":"https:\/\/pubeurope.com\/@fr\/115390556672221500","error":""},"_links":{"self":[{"href":"https:\/\/www.europesays.com\/fr\/wp-json\/wp\/v2\/posts\/470401","targetHints":{"allow":["GET"]}}],"collection":[{"href":"https:\/\/www.europesays.com\/fr\/wp-json\/wp\/v2\/posts"}],"about":[{"href":"https:\/\/www.europesays.com\/fr\/wp-json\/wp\/v2\/types\/post"}],"author":[{"embeddable":true,"href":"https:\/\/www.europesays.com\/fr\/wp-json\/wp\/v2\/users\/2"}],"replies":[{"embeddable":true,"href":"https:\/\/www.europesays.com\/fr\/wp-json\/wp\/v2\/comments?post=470401"}],"version-history":[{"count":0,"href":"https:\/\/www.europesays.com\/fr\/wp-json\/wp\/v2\/posts\/470401\/revisions"}],"wp:featuredmedia":[{"embeddable":true,"href":"https:\/\/www.europesays.com\/fr\/wp-json\/wp\/v2\/media\/470402"}],"wp:attachment":[{"href":"https:\/\/www.europesays.com\/fr\/wp-json\/wp\/v2\/media?parent=470401"}],"wp:term":[{"taxonomy":"category","embeddable":true,"href":"https:\/\/www.europesays.com\/fr\/wp-json\/wp\/v2\/categories?post=470401"},{"taxonomy":"post_tag","embeddable":true,"href":"https:\/\/www.europesays.com\/fr\/wp-json\/wp\/v2\/tags?post=470401"}],"curies":[{"name":"wp","href":"https:\/\/api.w.org\/{rel}","templated":true}]}}