{"id":470409,"date":"2025-10-17T16:58:14","date_gmt":"2025-10-17T16:58:14","guid":{"rendered":"https:\/\/www.europesays.com\/fr\/470409\/"},"modified":"2025-10-17T16:58:14","modified_gmt":"2025-10-17T16:58:14","slug":"en-direct-psg-strasbourg-paris-pour-reprendre-sa-marche-en-avant-dans-le-choc-de-la-ligue-1-suivez-le-match-avec-nous-a-partir-de-20h30","status":"publish","type":"post","link":"https:\/\/www.europesays.com\/fr\/470409\/","title":{"rendered":"EN DIRECT PSG &#8211; Strasbourg : Paris pour reprendre sa marche en avant dans le choc de la Ligue 1&#8230; Suivez le match avec nous \u00e0 partir de 20h30&#8230;"},"content":{"rendered":"<p>Bonjour la 20e Compagnie !<\/p>\n<p>On commen\u00e7ait \u00e0 s&rsquo;ennuyer ferme sans notre championnat pr\u00e9f\u00e9r\u00e9. Deux semaines de tr\u00eave pour roupiller devant les Bleus, tr\u00e8s peu pour nous. Alors, c&rsquo;est dans la joie et l&rsquo;all\u00e9gresse qu&rsquo;on retrouve ce vendredi soir notre Ligue 1 ch\u00e9rie, avec en plus une magnifique affiche : Paris- Strabourg, le premier contre le troisi\u00e8me. Tenu en \u00e9chec \u00e0 Lille juste avant la pause internationale, le PSG veut repartir de l&rsquo;avant face \u00e0 des Alsaciens en grande forme, qui restent sur une victoire 5-0 face \u00e0 Angers mais seront toujours priv\u00e9s de leur buteur Emanuel Emegha. Au niveau des blessures, Paris en conna\u00eet un rayon puisque Demb\u00e9l\u00e9, Fabian Ruiz et Jo\u00e3o Neves sont eux aussi absents. Apr\u00e8s, peu importe le flacon, pourvu qu&rsquo;on ait l&rsquo;ivresse.<\/p>\n<p>&gt;&gt; Suivez le match avec nous d\u00e8s 20h30<\/p>\n","protected":false},"excerpt":{"rendered":"Bonjour la 20e Compagnie ! On commen\u00e7ait \u00e0 s&rsquo;ennuyer ferme sans notre championnat pr\u00e9f\u00e9r\u00e9. Deux semaines de tr\u00eave&hellip;\n","protected":false},"author":2,"featured_media":470410,"comment_status":"","ping_status":"","sticky":false,"template":"","format":"standard","meta":{"footnotes":""},"categories":[2820],"tags":[1111,11,2389,2649,1777,674,1011,27,775,66,921,12,2334,2332,4448,25,517,640],"class_list":{"0":"post-470409","1":"post","2":"type-post","3":"status-publish","4":"format-standard","5":"has-post-thumbnail","7":"category-strasbourg","8":"tag-actu","9":"tag-actualites","10":"tag-alsace","11":"tag-bas-rhin","12":"tag-eu","13":"tag-europe","14":"tag-fr","15":"tag-france","16":"tag-grand-est","17":"tag-ligue-1","18":"tag-luis-enrique","19":"tag-news","20":"tag-parc-des-princes","21":"tag-paris-saint-germain-psg","22":"tag-rc-strasbourg","23":"tag-republique-francaise","24":"tag-sport","25":"tag-strasbourg"},"share_on_mastodon":{"url":"https:\/\/pubeurope.com\/@fr\/115390572431225845","error":""},"_links":{"self":[{"href":"https:\/\/www.europesays.com\/fr\/wp-json\/wp\/v2\/posts\/470409","targetHints":{"allow":["GET"]}}],"collection":[{"href":"https:\/\/www.europesays.com\/fr\/wp-json\/wp\/v2\/posts"}],"about":[{"href":"https:\/\/www.europesays.com\/fr\/wp-json\/wp\/v2\/types\/post"}],"author":[{"embeddable":true,"href":"https:\/\/www.europesays.com\/fr\/wp-json\/wp\/v2\/users\/2"}],"replies":[{"embeddable":true,"href":"https:\/\/www.europesays.com\/fr\/wp-json\/wp\/v2\/comments?post=470409"}],"version-history":[{"count":0,"href":"https:\/\/www.europesays.com\/fr\/wp-json\/wp\/v2\/posts\/470409\/revisions"}],"wp:featuredmedia":[{"embeddable":true,"href":"https:\/\/www.europesays.com\/fr\/wp-json\/wp\/v2\/media\/470410"}],"wp:attachment":[{"href":"https:\/\/www.europesays.com\/fr\/wp-json\/wp\/v2\/media?parent=470409"}],"wp:term":[{"taxonomy":"category","embeddable":true,"href":"https:\/\/www.europesays.com\/fr\/wp-json\/wp\/v2\/categories?post=470409"},{"taxonomy":"post_tag","embeddable":true,"href":"https:\/\/www.europesays.com\/fr\/wp-json\/wp\/v2\/tags?post=470409"}],"curies":[{"name":"wp","href":"https:\/\/api.w.org\/{rel}","templated":true}]}}