{"id":470414,"date":"2025-10-17T17:01:14","date_gmt":"2025-10-17T17:01:14","guid":{"rendered":"https:\/\/www.europesays.com\/fr\/470414\/"},"modified":"2025-10-17T17:01:14","modified_gmt":"2025-10-17T17:01:14","slug":"expo-photo-effeuillage-burlesque-que-faire-a-nantes-ce-week-end-voici-nos-idees-de-sorties","status":"publish","type":"post","link":"https:\/\/www.europesays.com\/fr\/470414\/","title":{"rendered":"Expo photo, effeuillage burlesque&#8230; Que faire \u00e0 Nantes ce week-end ? Voici nos id\u00e9es de sorties"},"content":{"rendered":"<p>            Par<br \/>\n        <strong><br \/>\n            <a href=\"https:\/\/actu.fr\/auteur\/clemence-pays02-actu-fr\" title=\"Consulter tous les articles de Cl\u00e9mence Pays\" target=\"_blank\" rel=\"noopener\">Cl\u00e9mence Pays<\/a><br \/>\n        <\/strong><\/p>\n<p>        Publi\u00e9 le<\/p>\n<p>            17 oct. 2025 \u00e0 18h15        <\/p>\n<p>Le week-end est l\u00e0. Comme chaque semaine, la r\u00e9daction d\u2019<a href=\"https:\/\/actu.fr\/nantes\/\" target=\"_blank\" rel=\"noopener\">actu Nantes<\/a> vous propose une s\u00e9lection d\u2019<strong>id\u00e9es de sorties,<\/strong> \u00e0 faire seul ou \u00e0 plusieurs. Voici nos propositions <strong>\u2013 toutes gratuites \u2013<\/strong> du vendredi\u00a017 au dimanche 19\u00a0octobre 2025.<\/p>\n<p>D\u00e9couvrir la 29e \u00e9dition de la QPN<\/p>\n<p class=\" wall-content\">La <strong>Quinzaine photographique nantaise<\/strong> (QPN) se d\u00e9roule \u00e0 Nantes jusqu\u2019au 2\u00a0novembre, autour de la th\u00e9matique de la \u00ab\u2009R\u00e9alit\u00e9\u2009\u00bb.<\/p>\n<p class=\" wall-content\">Au total, <strong>21 expositions<\/strong> sont pr\u00e9sent\u00e9es dans <strong>14 lieux diff\u00e9rents,<\/strong> avec une <strong>entr\u00e9e gratuite<\/strong> \u00e0 chaque fois.<\/p>\n<blockquote class=\"ac-article-quote wall-content\">\n<p>Apr\u00e8s avoir explor\u00e9 la th\u00e9matique de l\u2019 \u00abIllusion\u00bb pour notre derni\u00e8re \u00e9dition, nous vous proposons de poursuivre cette r\u00e9flexion, cette fois sous l\u2019angle de la \u00abR\u00e9alit\u00e9\u00bb. Illusion et r\u00e9alit\u00e9, un rapprochement des contraires ? Ces notions qui semblent parfaitement antith\u00e9tiques trouvent cependant \u00e0 s\u2019inscrire dans une continuit\u00e9 de questionnements.<\/p>\n<p>    <strong>Herv\u00e9 Marchand<\/strong><br \/>\n        Directeur de la QPN    <\/p><\/blockquote>\n<p>Jusqu\u2019au dimanche 2\u00a0novembre, QPN, multisites. Programmation compl\u00e8te des expositions et lieux <a href=\"https:\/\/www.festival-qpn.com\/_files\/ugd\/e178ce_473ab24aa35e40daa119ba9a42c7a6f4.pdf\" target=\"_blank\" rel=\"noopener\">en cliquant ici<\/a>. Gratuit.Un \u00ab\u2009spectacle XXL\u2009\u00bb en plein air<\/p>\n<p class=\" wall-content\">Le collectif La M\u00e9andre va pr\u00e9senter <strong>Fant\u00f4me, <\/strong>son \u00ab\u2009spectacle XXL jou\u00e9 en plein air\u2009\u00bb dans le cadre de <a href=\"https:\/\/actu.fr\/pays-de-la-loire\/nantes_44109\/theatre-concerts-soiree-halloween-l-ete-indien-fait-son-retour-sous-les-nefs-de-nantes_63206130.html\" target=\"_blank\" rel=\"noopener\">l\u2019\u00c9t\u00e9 indien<\/a>.<\/p>\n<p class=\" wall-content\">Ce dessin anim\u00e9 retrace l\u2019histoire d<strong>\u2019un enfant r\u00eaveur<\/strong> qui provoque une r\u00e9volte populaire et l\u2019effondrement d\u2019un syst\u00e8me totalitaire. Le d\u00e9cor mouvant \u00e9volue au rythme de l\u2019histoire et la musique est jou\u00e9e en live par deux musiciens.<\/p>\n<p>Votre r\u00e9gion, votre actu !<\/p>\n<p>Recevez chaque jour les infos qui comptent pour vous.<\/p>\n<p>\t<a href=\"https:\/\/actu.fr\/newsletter\" class=\"ac-btn ac-btn--corner ac-btn--medium ac-btn--blue800\" target=\"_blank\" rel=\"noopener\">S&rsquo;incrire<\/a><\/p>\n<p>Samedi 18\u00a0octobre, ouverture des portes \u00e0 19h, spectacle \u00e0 20h, sous les Nefs de l\u2019\u00eele de Nantes. Gratuit.<\/p>\n<p>La f\u00eate des lumi\u00e8res<\/p>\n<p class=\" wall-content\">Le <strong>Magmaa Food Hall<\/strong> invite les Nantaises et Nantais \u00e0 c\u00e9l\u00e9brer la <strong>f\u00eate des lumi\u00e8res<\/strong> \u00ab\u2009connue sous le nom de Tihar au N\u00e9pas et Diwali en Inde\u2009\u00bb.<\/p>\n<p class=\" wall-content\">Au programme, un <strong>concert<\/strong> de musique classique indienne, de la <strong>danse<\/strong> et <strong>DJ set.<\/strong><\/p>\n<p class=\" wall-content\">C\u00f4t\u00e9 restauration, Annapurna proposera \u00e0 la carte <strong>un \u00ab\u2009plat typique\u2009\u00bb de Tihar,<\/strong> le thali n\u00e9palais.<\/p>\n<p class=\" wall-content\"><a href=\"https:\/\/www.instagram.com\/p\/DPn8j1GjT1O\/embed\" title=\"Ouvrir le lien sur Instagram\" target=\"_blank\" rel=\"noopener\">Visualiser le contenu sur Instagram<\/a><\/p>\n<p>Samedi 18\u00a0octobre, de 18h \u00e0 23h30, f\u00eate des lumi\u00e8res au Magmaa Food Hall, 15 rue de la Noue Bras de Fer, \u00e0 Nantes. Gratuit.<\/p>\n<p>Un spectacle burlesque<\/p>\n<p class=\" wall-content\">La brasserie <strong>Little Atlantique Brewery<\/strong> (Lab) organise une <strong>soir\u00e9e effeuillage<\/strong> burlesque \u00ab\u2009haut en couleur\u2009\u00bb, ce vendredi. Au programme de ce <strong>Burlesque Freaky Follies<\/strong> \u00ab\u2009des bi\u00e8res brass\u00e9es sur place, restauration top, musique et surtout\u2026 danse\u2009\u00bb, annonce le Lab.<\/p>\n<p class=\" wall-content\">Les performances d\u00e9buteront \u00e0 <strong>21h<\/strong> avec\u2009:<\/p>\n<ul class=\" wall-content\">\n<li>Le Vicomte Harbourg\u2009;<\/li>\n<li>Venus de Mai\u2009;<\/li>\n<li>Lysie Day\u2009;<\/li>\n<li>Ohlala Victoria.<\/li>\n<\/ul>\n<p class=\" wall-content\"><a href=\"https:\/\/www.instagram.com\/p\/DP1q4_5DHQu\/embed\" title=\"Ouvrir le lien sur Instagram\" target=\"_blank\" rel=\"noopener\">Visualiser le contenu sur Instagram<\/a><\/p>\n<p>Vendredi 17\u00a0octobre, \u00e0 21h, La Burlesque, au Little Atlantique Brewery, 23 boulevard de Chantenay, Nantes. Gratuit.<\/p>\n<p class=\" wall-content\">Personnalisez votre actualit\u00e9 en ajoutant vos villes et m\u00e9dias en favori avec <a href=\"https:\/\/moncompte.actu.fr\" title=\"D\u00e9couvez Mon Actu\" rel=\"nofollow noopener\" data-trk=\"{&quot;cta&quot;:{&quot;action&quot;:&quot;https:\\\/\\\/moncompte.actu.fr&quot;,&quot;category&quot;:&quot;mon compte&quot;,&quot;from&quot;:&quot;article footer&quot;,&quot;name&quot;:&quot;Mon actu&quot;,&quot;type&quot;:&quot;cta&quot;}}\" target=\"_blank\">Mon Actu<\/a>.<\/p>\n<p>                    <script async src=\"\/\/www.instagram.com\/embed.js\"><\/script><\/p>\n","protected":false},"excerpt":{"rendered":"Par Cl\u00e9mence Pays Publi\u00e9 le 17 oct. 2025 \u00e0 18h15 Le week-end est l\u00e0. Comme chaque semaine, la&hellip;\n","protected":false},"author":2,"featured_media":470415,"comment_status":"","ping_status":"","sticky":false,"template":"","format":"standard","meta":{"footnotes":""},"categories":[2818],"tags":[1111,11,1063,1777,674,1011,27,1305,766,12,2636,25],"class_list":{"0":"post-470414","1":"post","2":"type-post","3":"status-publish","4":"format-standard","5":"has-post-thumbnail","7":"category-nantes","8":"tag-actu","9":"tag-actualites","10":"tag-animations","11":"tag-eu","12":"tag-europe","13":"tag-fr","14":"tag-france","15":"tag-lifestyle","16":"tag-nantes","17":"tag-news","18":"tag-pays-de-la-loire","19":"tag-republique-francaise"},"share_on_mastodon":{"url":"https:\/\/pubeurope.com\/@fr\/115390584113988207","error":""},"_links":{"self":[{"href":"https:\/\/www.europesays.com\/fr\/wp-json\/wp\/v2\/posts\/470414","targetHints":{"allow":["GET"]}}],"collection":[{"href":"https:\/\/www.europesays.com\/fr\/wp-json\/wp\/v2\/posts"}],"about":[{"href":"https:\/\/www.europesays.com\/fr\/wp-json\/wp\/v2\/types\/post"}],"author":[{"embeddable":true,"href":"https:\/\/www.europesays.com\/fr\/wp-json\/wp\/v2\/users\/2"}],"replies":[{"embeddable":true,"href":"https:\/\/www.europesays.com\/fr\/wp-json\/wp\/v2\/comments?post=470414"}],"version-history":[{"count":0,"href":"https:\/\/www.europesays.com\/fr\/wp-json\/wp\/v2\/posts\/470414\/revisions"}],"wp:featuredmedia":[{"embeddable":true,"href":"https:\/\/www.europesays.com\/fr\/wp-json\/wp\/v2\/media\/470415"}],"wp:attachment":[{"href":"https:\/\/www.europesays.com\/fr\/wp-json\/wp\/v2\/media?parent=470414"}],"wp:term":[{"taxonomy":"category","embeddable":true,"href":"https:\/\/www.europesays.com\/fr\/wp-json\/wp\/v2\/categories?post=470414"},{"taxonomy":"post_tag","embeddable":true,"href":"https:\/\/www.europesays.com\/fr\/wp-json\/wp\/v2\/tags?post=470414"}],"curies":[{"name":"wp","href":"https:\/\/api.w.org\/{rel}","templated":true}]}}