{"id":470422,"date":"2025-10-17T17:06:30","date_gmt":"2025-10-17T17:06:30","guid":{"rendered":"https:\/\/www.europesays.com\/fr\/470422\/"},"modified":"2025-10-17T17:06:30","modified_gmt":"2025-10-17T17:06:30","slug":"vacances-dautomne-10-sorties-a-faire-en-famille-a-toulouse-et-aux-alentours","status":"publish","type":"post","link":"https:\/\/www.europesays.com\/fr\/470422\/","title":{"rendered":"Vacances d&rsquo;automne. 10 sorties \u00e0 faire en famille, \u00e0 Toulouse et aux alentours"},"content":{"rendered":"<p>            Par<br \/>\n        <strong><br \/>\n            <a href=\"https:\/\/actu.fr\/auteur\/gabriel-kenedi\" title=\"Consulter tous les articles de Gabriel Kenedi\" rel=\"nofollow noopener\" target=\"_blank\">Gabriel Kenedi<\/a><br \/>\n        <\/strong><\/p>\n<p>        Publi\u00e9 le<\/p>\n<p>            17 oct. 2025 \u00e0 18h16        <\/p>\n<p>Les<strong> vacances d\u2019automne<\/strong> se d\u00e9roulent du samedi 18\u00a0octobre au dimanche 3\u00a0novembre 2025. En panne d\u2019id\u00e9es pour occuper votre (ou vos) enfant (s)\u2009? Pas de panique\u2009!<a href=\"https:\/\/actu.fr\/toulouse\/\" rel=\"nofollow noopener\" target=\"_blank\"> Actu Toulouse<\/a> a s\u00e9lectionn\u00e9 avec soin <strong>10 id\u00e9es de sorties<\/strong> \u00e0 faire en famille pendant les vacances scolaires\u2009! Faites le plein de spectacles, de films, d\u2019exp\u00e9riences, et de d\u00e9couvertes\u2009!<\/p>\n<p>#1. Red\u00e9couvrir la Cit\u00e9 de l\u2019Espace<br \/>\n    <img   decoding=\"async\" loading=\"lazy\" src=\"https:\/\/www.europesays.com\/fr\/wp-content\/uploads\/2025\/10\/673b6fbce4c56ab3b6fbce4c57f3b6v-960x640.jpg\" alt=\"La Cit\u00e9 de l'espace est un incontounable, \u00e0 Toulouse !\u00a0\" width=\"960\" height=\"640\"\/><br \/>\n    La Cit\u00e9 de l\u2019espace est un incontournable, \u00e0 Toulouse\u2009! (\u00a9M\u00e9lina Le Corre \/ Actu Toulouse)<\/p>\n<p class=\" wall-content\">Et si les vacances d\u2019automne \u00e9taient l\u2019occasion de red\u00e9couvrir la <strong>Cit\u00e9 de l\u2019espace<\/strong>\u2009? Le site le plus touristique de la Ville rose se visite sur un \u00e0 deux jours. Au programme\u2009? Une plong\u00e9e in\u00e9dite au coeur d\u2019une mission lunaire \u00e0 travers le LuneXplorer, des films sur \u00e9cran IMax, 4000 m2 d\u2019expos interactives, 4 hectares de jardins avec des r\u00e9pliques grandeur nature (Ariane 5, Soyouz\u2026), un espace d\u00e9di\u00e9 aux 4-8\u00a0ans\u2026 et des animations vari\u00e9es\u2009!<\/p>\n<p>#2. Faire un tour au Zoo African Safari<br \/>\n    <img   decoding=\"async\" loading=\"lazy\" src=\"https:\/\/www.europesays.com\/fr\/wp-content\/uploads\/2025\/10\/halloween-2023-african-safari-3-1-960x640.jpg\" alt=\"African Safari se met en mode Halloween pendant les vacances.&#10;\" width=\"960\" height=\"640\"\/><br \/>\n    African Safari se met en mode Halloween pendant les vacances.<br \/>(\u00a9African Safari)<\/p>\n<p class=\" wall-content\">Pendant les vacances, plongez dans une ambiance\u2026 ensorcelante au <strong>zoo African Safari<\/strong>, situ\u00e9 \u00e0 Plaisance-du-Touch.\u00a0\u00c0 l\u2019occasion des vacances et d\u2019Halloween, des cr\u00e9atures \u00e9tranges vont envahir le parc et proposeront de nombreuses activit\u00e9s pour les petits et grands. Et pour l\u2019occasion, le zoo sera d\u00e9cor\u00e9 de citrouilles, de toiles d\u2019araign\u00e9es et squelettes g\u00e9ants\u2009!<\/p>\n<p class=\" wall-content\">Au-del\u00e0 des animations, African Safari permet de d\u00e9couvrir sur 15 hectares, <strong>des animaux du monde entier<\/strong>. Les derniers mois ayant \u00e9t\u00e9 propices aux naissances, les visiteurs auront le plaisir de d\u00e9couvrir de nouveaux petits \u00e9voluer sous le regard attentif de leurs parents, et de l\u2019\u00e9quipe animali\u00e8re.<\/p>\n<p>Votre r\u00e9gion, votre actu !<\/p>\n<p>Recevez chaque jour les infos qui comptent pour vous.<\/p>\n<p>\t<a href=\"https:\/\/actu.fr\/newsletter\" class=\"ac-btn ac-btn--corner ac-btn--medium ac-btn--blue800\" rel=\"nofollow noopener\" target=\"_blank\">S&rsquo;incrire<\/a><br \/>\nInfos et tarifs <a href=\"https:\/\/www.zoo-africansafari.com\/\" rel=\"nofollow noopener\" target=\"_blank\">sur le site d\u2019African Safari<\/a>.#3. Et au Mus\u00e9um\u2009?<br \/>\n    <img   decoding=\"async\" loading=\"lazy\" src=\"https:\/\/www.europesays.com\/fr\/wp-content\/uploads\/2025\/10\/whatsapp-image-2025-10-13-at-162139-960x640.jpeg\" alt=\"Domestique-moi ! \" width=\"960\" height=\"640\"\/><br \/>\n    Domestique-moi\u2009! (\u00a9Gabriel Kenedi \/ Actu Toulouse)<\/p>\n<p class=\" wall-content\">Et si les vacances \u00e9taient une belle occasion pour visiter la toute nouvelle exposition au Mus\u00e9um, intitul\u00e9e <strong>\u00ab\u2009Domestique-moi si tu peux\u2009\u00bb<\/strong>. Explorer la domestication, c\u2019est plonger dans une histoire longue et complexe au cours de laquelle plantes et animaux ont \u00e9t\u00e9 modifi\u00e9s en profondeur pour s\u2019adapter \u00e0 nos besoins.<\/p>\n<p class=\" wall-content\">En croisant les regards des sciences naturelles, de l\u2019ethnologie, de l\u2019arch\u00e9ologie, de l\u2019histoire ou encore de la g\u00e9n\u00e9tique, l\u2019exposition interroge nos pratiques et offre des cl\u00e9s de compr\u00e9hension sur notre pass\u00e9, d\u00e9crypte notre pr\u00e9sent et imagine les futurs possibles. Elle a \u00e9t\u00e9 con\u00e7ue pour \u00e9veiller la curiosit\u00e9 de tous, des plus jeunes aux plus grands, des connaisseurs aux n\u00e9ophytes.<\/p>\n<p class=\" wall-content\">Plus d\u2019infos <a href=\"https:\/\/museum.toulouse-metropole.fr\/\" rel=\"nofollow noopener\" target=\"_blank\">sur le site du Mus\u00e9um<\/a>.<\/p>\n<p>#4. Aller voir un spectacle<br \/>\n    <img   decoding=\"async\" loading=\"lazy\" src=\"https:\/\/www.europesays.com\/fr\/wp-content\/uploads\/2025\/10\/9b11cd3755f66ff11cd3755f60421cv-960x640.jpg\" alt=\"la com\u00e9die de la roseraie, \u00e0 Toulouse.\" width=\"960\" height=\"640\"\/><br \/>\n    la com\u00e9die de la roseraie, \u00e0 Toulouse. (\u00a9DR)<\/p>\n<p class=\" wall-content\">Les vacances sont aussi l\u2019occasion de faire d\u00e9couvrir des spectacles \u00e0 ses prog\u00e9nitures. Signalons notamment l\u2019excellent <strong>\u00ab\u2009La sorci\u00e8re du placard aux balais\u2009\u00bb<\/strong>, \u00e0 voir \u00e0 la <a href=\"https:\/\/www.comediedelaroseraie.fr\/\" rel=\"nofollow noopener\" target=\"_blank\">Com\u00e9die de la Roseraie<\/a> (du 18 au 22\u00a0octobre, 10\u00a0euros), qui propose de nombreux spectacles de qualit\u00e9 \u00e0 destination du jeune public.<\/p>\n<p class=\" wall-content\">Au Jardin des Plantes, <a href=\"https:\/\/www.toulouse-tourisme.com\/agenda\/guignol-et-ses-amis\/\" rel=\"nofollow noopener\" target=\"_blank\">Guignol<\/a> pose son <strong>chapiteau<\/strong> pendant toutes les vacances, avec des spectacles tous les jours, \u00e0 15h et \u00e0 16h30 (8\u00a0euros, dur\u00e9e 50\u00a0minutes). Le <a href=\"https:\/\/www.grand-rond.org\/\" rel=\"nofollow noopener\" target=\"_blank\">Th\u00e9\u00e2tre du Grand Rond<\/a> programme notamment <strong>\u00ab\u2009Lola et Dino dans la foule\u2009\u00bb<\/strong> (jusqu\u2019au 25\u00a0octobre). Et le <a href=\"https:\/\/www.theatredelaviolette.com\/petits.html\" rel=\"nofollow noopener\" target=\"_blank\">Th\u00e9\u00e2tre de la Violette<\/a>, \u00e0 Borderouge, propose aussi de nombreux spectacles pour les enfants (Coeurs de flocon, La contr\u00e9e des gobs, Au fil des comptines\u2026), n\u2019h\u00e9sitez pas \u00e0 consulter la riche programmation\u2009!<\/p>\n<p class=\" wall-content\">Enfin, ne manquez pas le<strong> concert en famille<\/strong> organis\u00e9 \u00e0 la Halle aux Grains, dimanche 19\u00a0octobre \u00e0 11\u00a0heures, avec au programme, <a href=\"https:\/\/onct.toulouse.fr\/agenda\/type\/concert-en-famille\/\" rel=\"nofollow noopener\" target=\"_blank\">\u00ab\u2009Le secret de la f\u00e9e musique\u2009\u00bb<\/a> (5 \u00e0 20\u20ac, \u00e0 partir de 7\u00a0ans).<\/p>\n<p>#5. Se faire une toile<br \/>\n    <img   decoding=\"async\" loading=\"lazy\" src=\"https:\/\/www.europesays.com\/fr\/wp-content\/uploads\/2025\/10\/e2402fe904016e6402fe90401aa402v-960x640.jpg\" alt=\"Les festivaliers ont rendez-vous \u00e0 l'American cosmograph, du mercredi 23 au dimanche 27 avril, pour la sixi\u00e8me \u00e9dition du festival Grindhouse Paradise.\u00a0\" width=\"960\" height=\"640\"\/><br \/>\n    L\u2019American Cosmograph propose des films \u00e0 destination du jeune public. (\u00a9Fabien Hisbacq)<\/p>\n<p class=\" wall-content\">Les cin\u00e9mas adaptent aussi leur programmation au jeune public\u2009! Pendant les vacances, <strong><a href=\"https:\/\/abc-toulouse.fr\/jeune-public.html\" rel=\"nofollow noopener\" target=\"_blank\">l\u2019ABC<\/a> <\/strong>propose ainsi de nombreux films \u00e0 voir (parfois d\u00e8s 3\u00a0ans) en famille (le Secret des m\u00e9sanges, Exit 8) et m\u00eame des ateliers de cr\u00e9ation d\u2019affiche ou un \u00ab\u2009cin\u00e9-philo\u2009\u00bb (d\u00e8s 7\u00a0ans).<\/p>\n<p class=\" wall-content\"><strong><a href=\"https:\/\/www.american-cosmograph.fr\/\" rel=\"nofollow noopener\" target=\"_blank\">L\u2019American Cosmograph<\/a><\/strong> propose quant \u00e0 lui la diffusion de \u00ab\u2009Jack et Nancy, les plus belles histoires de Quentin Blake\u2009\u00bb (d\u00e8s 3\u00a0ans) et le film d\u2019animation Arco (\u00e0 partir de 8\u00a0ans).<\/p>\n<p class=\" wall-content\">Les Path\u00e9 Wilson et Lab\u00e8ge, l\u2019UGC Montaudran et le CGR-Blagnac (entre autres), ou encore les cin\u00e9mas Utopia et V\u00e9o proposent aussi des films \u00e0 destination des enfants et des ados.<\/p>\n<p>#6. Tester un nouveau lieu d\u00e9di\u00e9 aux enfants<br \/>\n    <img   decoding=\"async\" loading=\"lazy\" src=\"https:\/\/www.europesays.com\/fr\/wp-content\/uploads\/2025\/10\/ye-palomano-210925-resto-45-960x640.jpg\" alt=\"Restaurant, a\u00e9roport, caserne de pompiers... Une mini-ville pour \" width=\"960\" height=\"640\"\/><br \/>\n    Restaurant, a\u00e9roport, caserne de pompiers\u2026 Une mini-ville pour \u00ab\u2009faire comme les grands\u2009\u00bb vient d\u2019ouvrir \u00e0 Toulouse. (\u00a9Palomano)<\/p>\n<p class=\" wall-content\"><strong>Palomano<\/strong>, un nouveau parc de jeu qui recr\u00e9e une ville \u00e0 hauteur d\u2019enfants vient d\u2019ouvrir \u00e0 Toulouse, dans le quartier Purpan\u2026 Cette mini-ville \u00e0 taille d\u2019enfants propose plusieurs univers\u2009: l\u2019a\u00e9roport, la caserne des pompiers, le restaurant, le supermarch\u00e9, l\u2019h\u00f4pital, la nurserie et le salon de beaut\u00e9.<\/p>\n<p class=\" wall-content\">Dans chaque d\u00e9cor, des costumes et des accessoires pour <strong>faire \u00ab\u2009comme les grands\u2009\u00bb<\/strong>\u2009: prendre son avion, cuisiner un bon repas, \u00e9teindre un incendie, faire les courses\u2026 Un espace est aussi d\u00e9di\u00e9 aux plus petits (0-3\u00a0ans) avec parcours de motricit\u00e9, jeux d\u2019\u00e9veil et lectures.<\/p>\n<p><a href=\"https:\/\/parcs.palomano.com\/palomano-toulouse-purpan-31300\" rel=\"nofollow noopener\" target=\"_blank\">Palomano<\/a> Toulouse Purpan, 334 avenue de Grande-Bretagne.#7. Faire le plein de sensations \u00e0 Animaparc<br \/>\n    <img   decoding=\"async\" loading=\"lazy\" src=\"https:\/\/www.europesays.com\/fr\/wp-content\/uploads\/2025\/10\/animapark-occitanie-960x640.jpg\" alt=\"l\u00e9gende\" width=\"960\" height=\"640\"\/><br \/>\n    l\u00e9gende (\u00a9Facebook \/ Animaparc Occitanie)<\/p>\n<p class=\" wall-content\">Situ\u00e9 au Burgaud (Haute-Garonne), au nord de Toulouse, <strong>AnimaParc Occitanie<\/strong> se m\u00e9tamorphose et convie petits et grands \u00e0 venir c\u00e9l\u00e9brer Anima\u2019Loween. Pendant les vacances de la Toussaint, le parc propose \u00ab\u00a0une immersion totale dans un univers ensorcelant, entre spectacles, labyrinthes, ateliers et animations pour toute la famille.<\/p>\n<p class=\" wall-content\">\u00c0 partir du 18\u00a0octobre, les plus t\u00e9m\u00e9raires pourront se lancer dans l\u2019aventure d\u2019un tout nouveau labyrinthe de paille, v\u00e9ritable d\u00e9fi grandeur nature. En parall\u00e8le, les visiteurs continueront de profiter des attractions, des <strong>30 dinosaures grandeur nature<\/strong><br \/>et des <strong>150 animaux domestiques<\/strong> qui font la renomm\u00e9e du parc.<\/p>\n<p>Plus d\u2019infos et tarifs sur <a href=\"https:\/\/www.animaparc.com\/\" rel=\"nofollow noopener\" target=\"_blank\">Animaparc Occitanie<\/a>.#8. Un grand troc de plantes<br \/>\n    <img   decoding=\"async\" loading=\"lazy\" src=\"https:\/\/www.europesays.com\/fr\/wp-content\/uploads\/2025\/10\/jardins-musum-flickr-museum-toulouse-960x640-960x640.jpg\" alt=\"Dans les Jardins du Mus\u00e9um de Toulouse, suivez les ateliers curiosit\u00e9 pour apprendre \u00e0 confectionner une cr\u00e8me hydratante naturelle.\" width=\"960\" height=\"640\"\/><br \/>\n    Dans les Jardins du Mus\u00e9um de Toulouse, un grand troc de plantes est organis\u00e9 pendant les vacances. (\u00a9 Flickr\/cc\/Mus\u00e9um de Toulouse)<\/p>\n<p class=\" wall-content\">Voil\u00e0 une initiative qui peut plaire \u00e0 toute la famille. Le 22\u00a0octobre, les Jardins du Mus\u00e9um \u00e0 Borderouge organisent un grand troc de plantes\u2009! Pour sa toute premi\u00e8re \u00e9dition, Troque ton Jardin vous invite \u00e0 venir partager un moment chaleureux entre Toulousaines et Toulousains\u2009! C\u2019est aussi l\u2019occasion de d\u00e9couvrir le stand des Jardins du Mus\u00e9um, qui mettent \u00e0 l\u2019honneur des plantes issues de semis spontan\u00e9s. M\u00e9diatrices, m\u00e9diateurs et jardini\u00e8res sont l\u00e0 pour \u00e9changer, conseiller et vous accompagner dans vos d\u00e9couvertes.<\/p>\n<p class=\" wall-content\">Bon \u00e0 savoir\u2009:<\/p>\n<ul class=\" wall-content\">\n<li>Le troc d\u2019esp\u00e8ces exotiques envahissantes est interdit telles que l\u2019arbre \u00e0 papillon (Buddleia davidii.), l\u2019herbe de la pampa (Cortaderia selloana) ou encore la verveine de Buenos Aires (Verbena bonariensis).<\/li>\n<li>Le troc de toute plante qu\u2019elle soit potag\u00e8re ou d\u2019int\u00e9rieur est autoris\u00e9<\/li>\n<li>Les Jardins du Mus\u00e9um ne s\u2019engagent pas \u00e0 r\u00e9cup\u00e9rer les plantes non troqu\u00e9es<\/li>\n<\/ul>\n<p>Le 22\u00a0octobre, de 10h30 \u00e0 12h et de 14h \u00e0 17h30, aux Jardins du Mus\u00e9um de Borderouge. Gratuit, sans inscription. Tout public, d\u00e8s 7\u00a0ans.<\/p>\n<p>#9. Au Mus\u00e9e Saint-Raymond<br \/>\n    <img   decoding=\"async\" loading=\"lazy\" src=\"https:\/\/www.europesays.com\/fr\/wp-content\/uploads\/2025\/10\/musee-saint-raymond-toulouse-entree-gratuite-960x640.jpg\" alt=\"Le mus\u00e9e Saint-Raymond ee\" width=\"960\" height=\"640\"\/><br \/>\n    Le mus\u00e9e Saint-Raymond. (\u00a9Marie Lamarque \/ Actu Toulouse)<\/p>\n<p class=\" wall-content\">Pendant les vacances d\u2019automne, le<strong> Mus\u00e9e Saint-Raymond<\/strong> vous propose de plonger dans l\u2019Antiquit\u00e9 de mani\u00e8re ludique et cr\u00e9ative\u2009!<\/p>\n<p class=\" wall-content\">Ne manquez pas la <strong>visite Harry Potter Revelio<\/strong> (21\u00a0octobre), qui r\u00e9v\u00e8le les mythes antiques derri\u00e8re l\u2019univers du sorcier. Les plus jeunes peuvent partir \u00e0 la chasse aux animaux cach\u00e9s dans les sculptures et les recr\u00e9er en argile (Cherchez la petite b\u00eate\u2009!, 22\u00a0octobre), s\u2019initier \u00e0 l\u2019art de la mosa\u00efque antique (Les petits mosa\u00efstes, 23 et 30\u00a0octobre) ou encore fabriquer leur propre lampe \u00e0 huile apr\u00e8s la d\u00e9couverte des collections (Huile de coude pour lampe \u00e0 huile, 29\u00a0octobre).<\/p>\n<p class=\" wall-content\">En famille, la visite-jeu <strong>Labyrinthus<\/strong> (23\u00a0octobre) vous invite \u00e0 relever des d\u00e9fis pour \u00e9chapper au Minotaure, tandis que l\u2019atelier Tampons et feuillages (31\u00a0octobre) permet de cr\u00e9er une frise v\u00e9g\u00e9tale inspir\u00e9e des motifs antiques. Enfin, le <strong>week-end du 2\u00a0novembre<\/strong>, le mus\u00e9e s\u2019anime au rythme des reconstitutions historiques\u2009: les Vikings (bijoux, artisanat, armement, verre\u2026) investissent le 1er \u00e9tage, et les Gaulois partagent leur quotidien dans la cour et au 2e \u00e9tage. Deux journ\u00e9es exceptionnelles en acc\u00e8s libre pour remonter le temps en famille\u2009!<\/p>\n<p>Plus d\u2019infos sur le site du <a href=\"https:\/\/saintraymond.toulouse.fr\/\" rel=\"nofollow noopener\" target=\"_blank\">Mus\u00e9e Saint-Raymond<\/a>.#10. Des contes aux Halles de la Cartoucherie<br \/>\n    <img   decoding=\"async\" loading=\"lazy\" src=\"https:\/\/www.europesays.com\/fr\/wp-content\/uploads\/2025\/10\/halles-cartoucherie-toulouse-2-1-960x640.jpg\" alt=\"Les halles de la Cartoucherie, \u00e0 Toulouse.\" width=\"960\" height=\"640\"\/><br \/>\n    Les halles de la Cartoucherie, \u00e0 Toulouse. (\u00a9Actu.fr\/M.L.C.)<\/p>\n<p class=\" wall-content\">Lieu pris\u00e9 par les familles, les Halles de la Cartoucherie organisent quelques lectures de contes pour les enfants. Le 20\u00a0octobre \u00e0 11\u00a0heures\u2009: la compagnie Maelstr\u00f6m proposera \u00ab\u2009Le Petit Escargonaute\u2009\u00bb (pour les enfants de 4\u00a0ans) tandis que le lendemain, Le spectacle Eau l\u00e0 l\u00e0\u2009! propose au tr\u00e8s jeune public une exploration sensorielle et rythmique des \u00c9l\u00e9ments de la nature. Attention, ces spectacles sont payants (6,4 \u00e0 10,4\u20ac).<\/p>\n<p>Plus d\u2019infos <a href=\"https:\/\/halles-cartoucherie.fr\/\" rel=\"nofollow noopener\" target=\"_blank\">sur le site de la Halle de la Cartoucherie<\/a>.<\/p>\n<p class=\" wall-content\">Personnalisez votre actualit\u00e9 en ajoutant vos villes et m\u00e9dias en favori avec <a href=\"https:\/\/moncompte.actu.fr\" title=\"D\u00e9couvez Mon Actu\" rel=\"nofollow noopener\" data-trk=\"{&quot;cta&quot;:{&quot;action&quot;:&quot;https:\\\/\\\/moncompte.actu.fr&quot;,&quot;category&quot;:&quot;mon compte&quot;,&quot;from&quot;:&quot;article footer&quot;,&quot;name&quot;:&quot;Mon actu&quot;,&quot;type&quot;:&quot;cta&quot;}}\" target=\"_blank\">Mon Actu<\/a>.<\/p>\n","protected":false},"excerpt":{"rendered":"Par Gabriel Kenedi Publi\u00e9 le 17 oct. 2025 \u00e0 18h16 Les vacances d\u2019automne se d\u00e9roulent du samedi 18\u00a0octobre&hellip;\n","protected":false},"author":2,"featured_media":470423,"comment_status":"","ping_status":"","sticky":false,"template":"","format":"standard","meta":{"footnotes":""},"categories":[2816],"tags":[1111,11,7835,1777,674,1011,27,1652,12,2680,25,1341,2312,3176],"class_list":{"0":"post-470422","1":"post","2":"type-post","3":"status-publish","4":"format-standard","5":"has-post-thumbnail","7":"category-toulouse","8":"tag-actu","9":"tag-actualites","10":"tag-cite-de-lespace","11":"tag-eu","12":"tag-europe","13":"tag-fr","14":"tag-france","15":"tag-loisirs-culture","16":"tag-news","17":"tag-occitanie","18":"tag-republique-francaise","19":"tag-sortir-a-toulouse","20":"tag-toulouse","21":"tag-vacances-scolaires"},"share_on_mastodon":{"url":"https:\/\/pubeurope.com\/@fr\/115390604922198074","error":""},"_links":{"self":[{"href":"https:\/\/www.europesays.com\/fr\/wp-json\/wp\/v2\/posts\/470422","targetHints":{"allow":["GET"]}}],"collection":[{"href":"https:\/\/www.europesays.com\/fr\/wp-json\/wp\/v2\/posts"}],"about":[{"href":"https:\/\/www.europesays.com\/fr\/wp-json\/wp\/v2\/types\/post"}],"author":[{"embeddable":true,"href":"https:\/\/www.europesays.com\/fr\/wp-json\/wp\/v2\/users\/2"}],"replies":[{"embeddable":true,"href":"https:\/\/www.europesays.com\/fr\/wp-json\/wp\/v2\/comments?post=470422"}],"version-history":[{"count":0,"href":"https:\/\/www.europesays.com\/fr\/wp-json\/wp\/v2\/posts\/470422\/revisions"}],"wp:featuredmedia":[{"embeddable":true,"href":"https:\/\/www.europesays.com\/fr\/wp-json\/wp\/v2\/media\/470423"}],"wp:attachment":[{"href":"https:\/\/www.europesays.com\/fr\/wp-json\/wp\/v2\/media?parent=470422"}],"wp:term":[{"taxonomy":"category","embeddable":true,"href":"https:\/\/www.europesays.com\/fr\/wp-json\/wp\/v2\/categories?post=470422"},{"taxonomy":"post_tag","embeddable":true,"href":"https:\/\/www.europesays.com\/fr\/wp-json\/wp\/v2\/tags?post=470422"}],"curies":[{"name":"wp","href":"https:\/\/api.w.org\/{rel}","templated":true}]}}