{"id":470426,"date":"2025-10-17T17:08:11","date_gmt":"2025-10-17T17:08:11","guid":{"rendered":"https:\/\/www.europesays.com\/fr\/470426\/"},"modified":"2025-10-17T17:08:11","modified_gmt":"2025-10-17T17:08:11","slug":"40-ans-du-crrg-decouvrez-le-patrimoine-vivant-des-hauts-de-france","status":"publish","type":"post","link":"https:\/\/www.europesays.com\/fr\/470426\/","title":{"rendered":"40 ans du CRRG : d\u00e9couvrez le patrimoine vivant des Hauts-de-France !"},"content":{"rendered":"<p>Les 18 et 19 octobre 2025, au Mus\u00e9e de plein air de Villeneuve d\u2019Ascq (59), lors du Salon Pomexpo, venez d\u00e9couvrir la large palette de richesses agricoles de la r\u00e9gion Hauts-de-France, lors des 40 ans du Centre r\u00e9gional des ressources g\u00e9n\u00e9tiques (CRRG) Hauts-de-France.\n<\/p>\n<p>Pommes, poires, autres vari\u00e9t\u00e9s fruiti\u00e8res, l\u00e9gumes, c\u00e9r\u00e9ales, chevaux, moutons, poules, races bovines\u2026 Les richesses agricoles des Hauts-de-France sont uniques et vari\u00e9es\u00a0! Au c\u0153ur du lieu atypique du Mus\u00e9e de plein air, un grand moment festif, gratuit, ouvert au grand public, lors de l\u2019\u00e9v\u00e9nement <a href=\"https:\/\/www.enrx.fr\/2025\/09\/08\/pomexpo-et-compagnie-a-la-decouverte-du-patrimoine-vivant-des-hauts-de-france\/\" target=\"_blank\" rel=\"noopener\">Pomexpo<\/a>, prendra ses quartiers.<\/p>\n<p><strong>Quelles sont les missions du CRRG-ENRx ?<\/strong><\/p>\n<p>1985-2025\u00a0: 40 ans que le <a href=\"https:\/\/www.enrx.fr\/crrg\/\" target=\"_blank\" rel=\"noopener\">CRRG Hauts-de-France-ENRx<\/a> (Espaces naturels r\u00e9gionaux) veille sur ce tr\u00e9sor que constitue notre patrimoine fruitier, l\u00e9gumier et animal, qu\u2019il le pr\u00e9serve, le valorise et le partage avec nous.<\/p>\n<p>Il a notamment pour missions de conserver les vari\u00e9t\u00e9s fruiti\u00e8res pr\u00e9sentes en Hauts-de-France, telles que les pommiers, les poiriers, les cerisiers, les pruniers, les vignes\u2026. Celles-ci sont conserv\u00e9es au Verger conservatoire r\u00e9gional, d\u2019une surface de 230 hectares r\u00e9partis sur les cinq d\u00e9partements du territoire, et reconnu comme l\u2019un des plus importants au niveau national. Il identifie \u00e9galement les vari\u00e9t\u00e9s anciennes et participe \u00e0 l\u2019\u00e9laboration des vari\u00e9t\u00e9s de demain.<\/p>\n<p>Le CRRG fait partie des <a href=\"https:\/\/www.enrx.fr\/enrx\/#presentation\" target=\"_blank\" rel=\"noopener\">Espaces naturels r\u00e9gionaux (ENRx)<\/a>, structure publique qui b\u00e9n\u00e9ficie d\u2019un soutien \u00e0 hauteur de 2 millions d\u2019euros par an environ de la part de la R\u00e9gion. Sont ainsi mises en \u0153uvre des politiques en lien avec la biodiversit\u00e9, l\u2019am\u00e9nagement du territoire, la pr\u00e9servation des ressources g\u00e9n\u00e9tiques, le d\u00e9veloppement rural, l\u2019\u00e9ducation \u00e0 l\u2019environnement ou encore l\u2019agriculture durable\u2026 Un r\u00f4le fort pour cette structure, qui contribue ainsi au rayonnement et au d\u00e9veloppement du territoire.<\/p>\n<p><strong>Au programme des 40 ans du CRRG lors du salon Pomexpo<\/strong><\/p>\n<ul>\n<li>Expositions pomologiques avec plus de 400 vari\u00e9t\u00e9s de pommes et de poires de notre r\u00e9gion pr\u00e9sent\u00e9es\u00a0;<\/li>\n<li>Visites comment\u00e9es du potager conservatoire de vari\u00e9t\u00e9s r\u00e9gionales\u00a0;<\/li>\n<li>D\u00e9gustations de fruits et l\u00e9gumes des Hauts-de-France\u00a0;<\/li>\n<li>Balade guid\u00e9e \u00e0 la d\u00e9couverte de nos races r\u00e9gionales\u00a0;<\/li>\n<li>Conseils pour votre verger et votre potager par les techniciens du CRRG-ENRx et leurs partenaires, afin de choisir, planter et entretenir vos fruitiers et vos l\u00e9gumes\u00a0;<\/li>\n<li>D\u00e9termination de vos fruits\u00a0;<\/li>\n<li>Animations pour les enfants\u00a0;<\/li>\n<li>March\u00e9 du terroir avec, \u00e0 d\u00e9couvrir, les pommes et poires de vari\u00e9t\u00e9s r\u00e9gionales, les carottes de Tilques, le cidre, le jus de pommes, l\u2019ail fum\u00e9 d\u2019Arleux, la large palette de fromages r\u00e9gionaux\u2026<\/li>\n<li>Des d\u00e9monstrations culinaires \u00e0 partir des productions issues de ce riche patrimoine r\u00e9gional par le Chef Benoit Flahaut.<\/li>\n<\/ul>\n<p>Vous pourrez \u00e9galement aller \u00e0 la rencontre de nombreux artisans accueillis au sein du Mus\u00e9e de plein air et d\u00e9couvrir leur savoir-faire\u00a0: boisselier, vannier, c\u00e9ramiste\u2026<\/p>\n<p>Un programme accessible \u00e0 tous et gratuit\u00a0!<\/p>\n<p><strong>La R\u00e9gion au rendez-vous<\/strong><\/p>\n<p>La R\u00e9gion vous attend lors de cet \u00e9v\u00e9nement sur son stand de 12 m\u00b2. Vous y retrouverez des informations sur les aides et dispositifs r\u00e9gionaux, les parcs naturels r\u00e9gionaux, participer \u00e0 des jeux-concours avec \u00e0 la cl\u00e9 des places \u00e0 gagner pour un match du LOSC\u2026<\/p>\n<p>Bien d\u2019autres surprises vous attendent. Venez nombreux !<\/p>\n","protected":false},"excerpt":{"rendered":"Les 18 et 19 octobre 2025, au Mus\u00e9e de plein air de Villeneuve d\u2019Ascq (59), lors du Salon&hellip;\n","protected":false},"author":2,"featured_media":470427,"comment_status":"","ping_status":"","sticky":false,"template":"","format":"standard","meta":{"footnotes":""},"categories":[2815],"tags":[1111,11,327,436,1777,674,1011,27,811,1307,12,25,28208],"class_list":{"0":"post-470426","1":"post","2":"type-post","3":"status-publish","4":"format-standard","5":"has-post-thumbnail","7":"category-lille","8":"tag-actu","9":"tag-actualites","10":"tag-agriculture","11":"tag-environnement","12":"tag-eu","13":"tag-europe","14":"tag-fr","15":"tag-france","16":"tag-hauts-de-france","17":"tag-lille","18":"tag-news","19":"tag-republique-francaise","20":"tag-rev3"},"share_on_mastodon":{"url":"https:\/\/pubeurope.com\/@fr\/115390611727525956","error":""},"_links":{"self":[{"href":"https:\/\/www.europesays.com\/fr\/wp-json\/wp\/v2\/posts\/470426","targetHints":{"allow":["GET"]}}],"collection":[{"href":"https:\/\/www.europesays.com\/fr\/wp-json\/wp\/v2\/posts"}],"about":[{"href":"https:\/\/www.europesays.com\/fr\/wp-json\/wp\/v2\/types\/post"}],"author":[{"embeddable":true,"href":"https:\/\/www.europesays.com\/fr\/wp-json\/wp\/v2\/users\/2"}],"replies":[{"embeddable":true,"href":"https:\/\/www.europesays.com\/fr\/wp-json\/wp\/v2\/comments?post=470426"}],"version-history":[{"count":0,"href":"https:\/\/www.europesays.com\/fr\/wp-json\/wp\/v2\/posts\/470426\/revisions"}],"wp:featuredmedia":[{"embeddable":true,"href":"https:\/\/www.europesays.com\/fr\/wp-json\/wp\/v2\/media\/470427"}],"wp:attachment":[{"href":"https:\/\/www.europesays.com\/fr\/wp-json\/wp\/v2\/media?parent=470426"}],"wp:term":[{"taxonomy":"category","embeddable":true,"href":"https:\/\/www.europesays.com\/fr\/wp-json\/wp\/v2\/categories?post=470426"},{"taxonomy":"post_tag","embeddable":true,"href":"https:\/\/www.europesays.com\/fr\/wp-json\/wp\/v2\/tags?post=470426"}],"curies":[{"name":"wp","href":"https:\/\/api.w.org\/{rel}","templated":true}]}}