{"id":470430,"date":"2025-10-17T17:10:11","date_gmt":"2025-10-17T17:10:11","guid":{"rendered":"https:\/\/www.europesays.com\/fr\/470430\/"},"modified":"2025-10-17T17:10:11","modified_gmt":"2025-10-17T17:10:11","slug":"la-folle-course-poursuite-dun-conducteur-sans-permis-a-marseille","status":"publish","type":"post","link":"https:\/\/www.europesays.com\/fr\/470430\/","title":{"rendered":"la folle course-poursuite d&rsquo;un conducteur sans permis \u00e0 Marseille"},"content":{"rendered":"<p>\u00ab\u00a0On n\u2019est pas dans Mario Kart\u00a0! Il ne reste pas trois vies si on perd le contr\u00f4le\u00a0!\u00a0\u00bb Depuis son perchoir, la procureure M\u00e9lodie F\u00e8vre a \u00e9trill\u00e9, calme mais implacable, Rayan H. Ce dernier occupait le box du tribunal correctionnel de <a href=\"https:\/\/www.laprovence.com\/bouches-du-rhone\/marseille-13055\" target=\"_blank\" rel=\"noopener\">Marseille<\/a>, ce mercredi 15\u00a0octobre. Le jeune homme de 20\u00a0ans, sans histoire jusqu\u2019alors, \u00e9tait jug\u00e9 pour avoir d\u00e9clench\u00e9 <a href=\"https:\/\/www.laprovence.com\/article\/faits-divers-justice\/1515420715011114\/marseille-percutee-lors-dune-course-poursuite-une-voiture-de-police-fait-un-tonneau-a-la-busserine\" target=\"_blank\" rel=\"noopener\">une course-poursuite folle<\/a> et dangereuse dans la nuit du 12 au 13\u00a0octobre dernier \u00e0 travers les rues de la cit\u00e9 phoc\u00e9enne\u2026 alors qu\u2019il ne poss\u00e9dait <a href=\"https:\/\/www.laprovence.com\/article\/societe\/19909998935075\/il-circulait-depuis-presque-30-ans-sans-permis-de-conduire-et-en-toute-discretion\" target=\"_blank\" rel=\"noopener\">pas de permis de conduire<\/a>.<\/p>\n<p>Entre 00 h 16, heure \u00e0 laquelle il avait \u00e9t\u00e9 surpris par une voiture de police en train de griller un premier feu rouge sur <a href=\"https:\/\/www.laprovence.com\/article\/region\/40113790891434\/ca-resonne-meme-dans-nos-tetes-quand-on-est-ailleurs-plombieres-axe-routier-le-plus-bruyant-de-marseille\" target=\"_blank\" rel=\"noopener\">le boulevard de Plombi\u00e8res<\/a> (13e arrondissement) et 00 h 30, heure de son interpellation, il avait parcouru cette nuit-l\u00e0 plus de 23\u00a0km en un petit quart d\u2019heure, \u00e0 une vitesse allant jusqu\u2019\u00e0 135\u00a0km\/h de son propre aveu, br\u00fblant 12 feux de la circulation et empruntant plusieurs axes \u00e0 contresens.<\/p>\n<p>Deux voitures de police accident\u00e9es<\/p>\n<p>\u00c0 deux reprises, confront\u00e9 \u00e0 des voitures de police tentant de l\u2019arr\u00eater, il les avait heurt\u00e9es pour s\u2019en d\u00e9gager. Ce sont les poteaux anti-stationnement du boulevard Mirabeau (2e arrondissement) qui avaient fini par a&#8230;<\/p>\n","protected":false},"excerpt":{"rendered":"\u00ab\u00a0On n\u2019est pas dans Mario Kart\u00a0! Il ne reste pas trois vies si on perd le contr\u00f4le\u00a0!\u00a0\u00bb Depuis&hellip;\n","protected":false},"author":2,"featured_media":470431,"comment_status":"","ping_status":"","sticky":false,"template":"","format":"standard","meta":{"footnotes":""},"categories":[2814],"tags":[17,59405,1111,11,12930,2837,1777,674,274,18844,14898,1011,27,59406,884,24162,12,882,25],"class_list":{"0":"post-470430","1":"post","2":"type-post","3":"status-publish","4":"format-standard","5":"has-post-thumbnail","7":"category-marseille","8":"tag-17","9":"tag-23-km","10":"tag-actu","11":"tag-actualites","12":"tag-course-poursuite","13":"tag-dun","14":"tag-eu","15":"tag-europe","16":"tag-faits-divers-justice","17":"tag-feux","18":"tag-folle","19":"tag-fr","20":"tag-france","21":"tag-grilles","22":"tag-marseille","23":"tag-minutes","24":"tag-news","25":"tag-provence-alpes-cote-dazur","26":"tag-republique-francaise"},"share_on_mastodon":{"url":"https:\/\/pubeurope.com\/@fr\/115390619782735521","error":""},"_links":{"self":[{"href":"https:\/\/www.europesays.com\/fr\/wp-json\/wp\/v2\/posts\/470430","targetHints":{"allow":["GET"]}}],"collection":[{"href":"https:\/\/www.europesays.com\/fr\/wp-json\/wp\/v2\/posts"}],"about":[{"href":"https:\/\/www.europesays.com\/fr\/wp-json\/wp\/v2\/types\/post"}],"author":[{"embeddable":true,"href":"https:\/\/www.europesays.com\/fr\/wp-json\/wp\/v2\/users\/2"}],"replies":[{"embeddable":true,"href":"https:\/\/www.europesays.com\/fr\/wp-json\/wp\/v2\/comments?post=470430"}],"version-history":[{"count":0,"href":"https:\/\/www.europesays.com\/fr\/wp-json\/wp\/v2\/posts\/470430\/revisions"}],"wp:featuredmedia":[{"embeddable":true,"href":"https:\/\/www.europesays.com\/fr\/wp-json\/wp\/v2\/media\/470431"}],"wp:attachment":[{"href":"https:\/\/www.europesays.com\/fr\/wp-json\/wp\/v2\/media?parent=470430"}],"wp:term":[{"taxonomy":"category","embeddable":true,"href":"https:\/\/www.europesays.com\/fr\/wp-json\/wp\/v2\/categories?post=470430"},{"taxonomy":"post_tag","embeddable":true,"href":"https:\/\/www.europesays.com\/fr\/wp-json\/wp\/v2\/tags?post=470430"}],"curies":[{"name":"wp","href":"https:\/\/api.w.org\/{rel}","templated":true}]}}