{"id":470432,"date":"2025-10-17T17:11:11","date_gmt":"2025-10-17T17:11:11","guid":{"rendered":"https:\/\/www.europesays.com\/fr\/470432\/"},"modified":"2025-10-17T17:11:11","modified_gmt":"2025-10-17T17:11:11","slug":"la-police-municipale-et-la-bst-font-sauter-les-barricades-a-la-castellane-a-marseille-apres-un-refus-dobtemperer","status":"publish","type":"post","link":"https:\/\/www.europesays.com\/fr\/470432\/","title":{"rendered":"La police municipale et la BST font \u00ab\u00a0sauter\u00a0\u00bb les barricades \u00e0 la Castellane \u00e0 Marseille apr\u00e8s un refus d&rsquo;obtemp\u00e9rer"},"content":{"rendered":"<p>Depuis les grandes heures des op\u00e9rations \u00ab\u00a0<a href=\"https:\/\/www.laprovence.com\/article\/region\/18585912336693\/macron-a-marseille-il-est-parti-et-nous-on-est-toujours-la-la-castellane-le-jour-d-apres\" target=\"_blank\" rel=\"noopener\">place nette XXL<\/a>\u00a0\u00bb en mars 2024, le trafic de stup\u00e9fiants a retrouv\u00e9 de la vigueur \u00e0 la cit\u00e9 de la Castellane. Ce haut lieu du deal du 16e arrondissement a compt\u00e9 jusqu&rsquo;\u00e0 sept points de vente avant d&rsquo;\u00eatre asphyxi\u00e9 par une pr\u00e9sence polici\u00e8re quasi ininterrompue pendant plus d&rsquo;un an.<\/p>\n<p><a href=\"https:\/\/www.laprovence.com\/article\/region\/1813255730830314\/marseille-a-la-castellane-un-an-apres-la-visite-demmanuel-macron-les-habitants-se-sentent-abandonnes\" target=\"_blank\" rel=\"noopener\">Le trafic y a repris<\/a>, ainsi que les descentes polici\u00e8res, autour d&rsquo;au moins trois points de vente d\u00e9sormais.\u00a0<\/p>\n<p>Nettoyage sous protection polici\u00e8re\u00a0<\/p>\n<p>Mais mardi apr\u00e8s-midi, ce sont \u00e0 la fois des policiers de la Brigade sp\u00e9cialis\u00e9e de terrain du 15e arrondissement, et leurs coll\u00e8gues de la brigade nord de la police municipale et m\u00eame de la brigade maritime, qui ont d\u00e9barqu\u00e9 ensemble pour d\u00e9gager les installations des dealers, \u00e0 la suite d&rsquo;un \u00e9ni\u00e8me refus d&rsquo;obtemp\u00e9rer.<\/p>\n<p>Une voiture prise \u00e0 chasse apr\u00e8s une tentative de contr\u00f4le a trouv\u00e9 refuge dans le quartier et plusieurs dizaines de personnes ont caillass\u00e9 les agents municipaux aux trousses du chauffard. D&rsquo;o\u00f9 un retour en force dans l&rsquo;apr\u00e8s-midi avec la BST.<\/p>\n<p>Si les dealers ont eu le temps de cacher les stocks, \u00e0 y \u00eatre, les chicanes et barricades dress\u00e9es aux entr\u00e9es de la cit\u00e9 pour ralentir les forces de l&rsquo;ordre ont \u00e9t\u00e9 enlev\u00e9es par les engins de la m\u00e9tropole sous la protection des policiers, comme au temps des \u00ab\u00a0Place Nette\u00a0\u00bb.\u00a0\u00a0<\/p>\n","protected":false},"excerpt":{"rendered":"Depuis les grandes heures des op\u00e9rations \u00ab\u00a0place nette XXL\u00a0\u00bb en mars 2024, le trafic de stup\u00e9fiants a retrouv\u00e9&hellip;\n","protected":false},"author":2,"featured_media":470433,"comment_status":"","ping_status":"","sticky":false,"template":"","format":"standard","meta":{"footnotes":""},"categories":[2814],"tags":[17,1111,11,59409,59407,1777,674,274,7234,1011,27,151,884,16009,12,1072,882,25,59408],"class_list":{"0":"post-470432","1":"post","2":"type-post","3":"status-publish","4":"format-standard","5":"has-post-thumbnail","7":"category-marseille","8":"tag-17","9":"tag-actu","10":"tag-actualites","11":"tag-barricades","12":"tag-bst","13":"tag-eu","14":"tag-europe","15":"tag-faits-divers-justice","16":"tag-font","17":"tag-fr","18":"tag-france","19":"tag-les","20":"tag-marseille","21":"tag-municipale","22":"tag-news","23":"tag-police","24":"tag-provence-alpes-cote-dazur","25":"tag-republique-francaise","26":"tag-sauter"},"share_on_mastodon":{"url":"https:\/\/pubeurope.com\/@fr\/115390623543144604","error":""},"_links":{"self":[{"href":"https:\/\/www.europesays.com\/fr\/wp-json\/wp\/v2\/posts\/470432","targetHints":{"allow":["GET"]}}],"collection":[{"href":"https:\/\/www.europesays.com\/fr\/wp-json\/wp\/v2\/posts"}],"about":[{"href":"https:\/\/www.europesays.com\/fr\/wp-json\/wp\/v2\/types\/post"}],"author":[{"embeddable":true,"href":"https:\/\/www.europesays.com\/fr\/wp-json\/wp\/v2\/users\/2"}],"replies":[{"embeddable":true,"href":"https:\/\/www.europesays.com\/fr\/wp-json\/wp\/v2\/comments?post=470432"}],"version-history":[{"count":0,"href":"https:\/\/www.europesays.com\/fr\/wp-json\/wp\/v2\/posts\/470432\/revisions"}],"wp:featuredmedia":[{"embeddable":true,"href":"https:\/\/www.europesays.com\/fr\/wp-json\/wp\/v2\/media\/470433"}],"wp:attachment":[{"href":"https:\/\/www.europesays.com\/fr\/wp-json\/wp\/v2\/media?parent=470432"}],"wp:term":[{"taxonomy":"category","embeddable":true,"href":"https:\/\/www.europesays.com\/fr\/wp-json\/wp\/v2\/categories?post=470432"},{"taxonomy":"post_tag","embeddable":true,"href":"https:\/\/www.europesays.com\/fr\/wp-json\/wp\/v2\/tags?post=470432"}],"curies":[{"name":"wp","href":"https:\/\/api.w.org\/{rel}","templated":true}]}}