{"id":470434,"date":"2025-10-17T17:12:13","date_gmt":"2025-10-17T17:12:13","guid":{"rendered":"https:\/\/www.europesays.com\/fr\/470434\/"},"modified":"2025-10-17T17:12:13","modified_gmt":"2025-10-17T17:12:13","slug":"michael-mann-a-lhonneur-suivez-la-ceremonie-en-direct","status":"publish","type":"post","link":"https:\/\/www.europesays.com\/fr\/470434\/","title":{"rendered":"Michael Mann \u00e0 l&rsquo;honneur, suivez la c\u00e9r\u00e9monie en direct"},"content":{"rendered":"<p>La c\u00e9r\u00e9monie va d\u00e9marrer \u00e0 19h30 \u00e0 l&rsquo;Amphith\u00e9\u00e2tre 3000 (Lyon 6e). Et les cin\u00e9philes \u00e9taient d\u00e9j\u00e0 nombreux \u00e0 attendre, plusieurs heures avant l\u2019ouverture des portes. Cette soir\u00e9e hommage va se d\u00e9rouler \u00ab\u00a0en musique, en images et avec de nombreuses surprises\u00a0\u00bb, annoncent les organisateurs du festival. Pour rappel, la remise du prix sera suivie de la projection du film Ferrari.\u00a0<\/p>\n","protected":false},"excerpt":{"rendered":"La c\u00e9r\u00e9monie va d\u00e9marrer \u00e0 19h30 \u00e0 l&rsquo;Amphith\u00e9\u00e2tre 3000 (Lyon 6e). Et les cin\u00e9philes \u00e9taient d\u00e9j\u00e0 nombreux \u00e0&hellip;\n","protected":false},"author":2,"featured_media":470435,"comment_status":"","ping_status":"","sticky":false,"template":"","format":"standard","meta":{"footnotes":""},"categories":[1889],"tags":[1111,11,2430,650,1687,3152,2757,3153,3154,1777,674,34755,107,1011,27,2428,12,25,2429],"class_list":{"0":"post-470434","1":"post","2":"type-post","3":"status-publish","4":"format-standard","5":"has-post-thumbnail","7":"category-lyon","8":"tag-actu","9":"tag-actualites","10":"tag-auvergne-rhone-alpes","11":"tag-cinema","12":"tag-culture-loisirs","13":"tag-edition-est-lyonnais","14":"tag-edition-lyon-villeurbanne","15":"tag-edition-ouest-lyonnais","16":"tag-edition-sud-lyonnais","17":"tag-eu","18":"tag-europe","19":"tag-festival-lumiere","20":"tag-fil-info","21":"tag-fr","22":"tag-france","23":"tag-lyon","24":"tag-news","25":"tag-republique-francaise","26":"tag-rhone"},"share_on_mastodon":{"url":"https:\/\/pubeurope.com\/@fr\/115390627440282712","error":""},"_links":{"self":[{"href":"https:\/\/www.europesays.com\/fr\/wp-json\/wp\/v2\/posts\/470434","targetHints":{"allow":["GET"]}}],"collection":[{"href":"https:\/\/www.europesays.com\/fr\/wp-json\/wp\/v2\/posts"}],"about":[{"href":"https:\/\/www.europesays.com\/fr\/wp-json\/wp\/v2\/types\/post"}],"author":[{"embeddable":true,"href":"https:\/\/www.europesays.com\/fr\/wp-json\/wp\/v2\/users\/2"}],"replies":[{"embeddable":true,"href":"https:\/\/www.europesays.com\/fr\/wp-json\/wp\/v2\/comments?post=470434"}],"version-history":[{"count":0,"href":"https:\/\/www.europesays.com\/fr\/wp-json\/wp\/v2\/posts\/470434\/revisions"}],"wp:featuredmedia":[{"embeddable":true,"href":"https:\/\/www.europesays.com\/fr\/wp-json\/wp\/v2\/media\/470435"}],"wp:attachment":[{"href":"https:\/\/www.europesays.com\/fr\/wp-json\/wp\/v2\/media?parent=470434"}],"wp:term":[{"taxonomy":"category","embeddable":true,"href":"https:\/\/www.europesays.com\/fr\/wp-json\/wp\/v2\/categories?post=470434"},{"taxonomy":"post_tag","embeddable":true,"href":"https:\/\/www.europesays.com\/fr\/wp-json\/wp\/v2\/tags?post=470434"}],"curies":[{"name":"wp","href":"https:\/\/api.w.org\/{rel}","templated":true}]}}