{"id":470442,"date":"2025-10-17T17:16:13","date_gmt":"2025-10-17T17:16:13","guid":{"rendered":"https:\/\/www.europesays.com\/fr\/470442\/"},"modified":"2025-10-17T17:16:13","modified_gmt":"2025-10-17T17:16:13","slug":"le-nebuleux-passe-de-dahbia-b-melant-secte-pedo-sataniste-viols-et-drogue","status":"publish","type":"post","link":"https:\/\/www.europesays.com\/fr\/470442\/","title":{"rendered":"le n\u00e9buleux pass\u00e9 de Dahbia B., m\u00ealant \u00ab\u00a0secte p\u00e9do-sataniste\u00a0\u00bb, viols et drogue"},"content":{"rendered":"<p>            Par<br \/>\n        <strong><br \/>\n            <a href=\"https:\/\/actu.fr\/auteur\/antoine-blanchet\" title=\"Consulter tous les articles de Antoine Blanchet\" target=\"_blank\" rel=\"noopener\">Antoine Blanchet<\/a><br \/>\n        <\/strong><\/p>\n<p>        Publi\u00e9 le<\/p>\n<p>            17 oct. 2025 \u00e0 18h32        <\/p>\n<p>\u00ab\u2009Je voudrais qu\u2019ils sachent. Que \u00e7a, c\u2019est arriv\u00e9 \u00e0 cause de \u00e7a\u2009\u00bb, affirme <strong>Dahbia Benkired<\/strong> depuis le box. \u00ab\u2009\u00c7a\u2009\u00bb, c\u2019est le <a href=\"https:\/\/actu.fr\/ile-de-france\/paris_75056\/proces-lola-a-paris-folie-ou-sadisme-six-jours-pour-saisir-l-itineraire-macabre-de-dahbia-benkired_63298293.html\" target=\"_blank\" rel=\"noopener\">meurtre et le viol sauvages de Lola<\/a> survenus \u00e0 <a href=\"https:\/\/actu.fr\/paris\/\" target=\"_blank\" rel=\"noopener\">Paris<\/a> en octobre 2022. \u00ab\u2009\u00c7a\u2009\u00bb c\u2019est le parcours chaotique de son existence. Ce vendredi 17 octobre 2025, au premier jour de son proc\u00e8s, la jeune femme de 27 ans raconte aux juges et jur\u00e9s son court pass\u00e9. D\u2019une voix m\u00e9canique, elle ne cesse de faire de sa vie un chemin traumatique dont le bout fut un crime effroyable. Le r\u00e9cit de sa route est pourtant pav\u00e9 de contradictions. Un enfer v\u00e9cu comparable \u00e0 celui qu\u2019elle a fait vivre\u2009?<\/p>\n<p>Le r\u00e9cit d\u2019un calvaire<\/p>\n<p class=\" wall-content\">L\u2019accus\u00e9e a cependant fort \u00e0 faire pour semer l\u2019effroi dans un pr\u00e9toire d\u00e9j\u00e0 secou\u00e9. Le calvaire de Lola a \u00e9t\u00e9 d\u00e9cortiqu\u00e9 pendant un peu moins d\u2019une heure par le pr\u00e9sident en d\u00e9but d\u2019audience. Un frisson a parcouru l\u2019assembl\u00e9e lors de l\u2019\u00e9vocation de la rencontre fatale entre l\u2019adolescente de 12\u00a0ans et Dahbia Benkired. Les visages ont p\u00e2li \u00e0 la description des derni\u00e8res minutes de l\u2019adolescente dans l\u2019appartement. Les estomacs se sont nou\u00e9s \u00e0 la lecture du rapport d\u2019autopsie de la victime. Le r\u00e9cit monocorde du magistrat a soulev\u00e9 un vent glacial entre les murs bois\u00e9s de la salle d\u2019audience. \u00c0 chaque d\u00e9tail du supplice, des soubresauts de chagrin parcouraient les bancs des parties civiles.<\/p>\n<p class=\" wall-content\">Apr\u00e8s ce monologue de l\u2019horreur, la cour a pu entendre la voix de celle<strong> qui encourt la perp\u00e9tuit\u00e9<\/strong>. Sa silhouette emp\u00e2t\u00e9e est bien diff\u00e9rente de celle d\u00e9couverte sur son compte TikTok avant les faits. \u00ab\u2009Moi j\u2019aimerais demander pardon \u00e0 toute la famille. C\u2019est horrible ce que j\u2019ai fait. Je le regrette\u2009\u00bb, l\u00e2che dans un souffle l\u2019accus\u00e9e. La voix est juv\u00e9nile. Les mots sont d\u00e9cousus. On croirait entendre une lyc\u00e9enne qui a trich\u00e9 \u00e0 une interrogation \u00e9crite plut\u00f4t que l\u2019auteure d\u2019un des crimes les plus effroyables de l\u2019histoire judiciaire contemporaine. Face \u00e0 cette froide repentance, la m\u00e8re de Lola s\u2019effondre sur l\u2019\u00e9paule de son fils. Quelques instants plus tard, ce dernier, face \u00e0 Dahbia Benkired, lui demande d\u2019une voix bris\u00e9e la v\u00e9rit\u00e9, rien que la v\u00e9rit\u00e9.<\/p>\n<p>Une vie \u00e9maill\u00e9e de violences sexuelles<\/p>\n<p class=\" wall-content\">En une matin\u00e9e, le doute s\u2019est pourtant install\u00e9 sur le rapport entretenu entre Dahbia Benkired et le vrai. \u00ab\u2009J\u2019ai \u00e9t\u00e9 viol\u00e9e par un voisin \u00e0 14\u00a0ans\u2009\u00bb, lance d\u2019embl\u00e9e la jeune femme au pr\u00e9sident qui lui demande avec bienveillance quel est son premier souvenir. La <a href=\"https:\/\/actu.fr\/tag\/violences-sexuelles\" target=\"_blank\" rel=\"noopener\">violence sexuelle<\/a> semble \u00eatre un point de gravit\u00e9 o\u00f9 retombe son discours. Apr\u00e8s ce premier abus, qui serait une agression sexuelle, la jeune femme \u00e9voque de sa voix hach\u00e9e le <strong>calvaire inflig\u00e9 par deux de ses tantes<\/strong> dans sa jeunesse en <a href=\"https:\/\/actu.fr\/tag\/algerie\" target=\"_blank\" rel=\"noopener\">Alg\u00e9rie<\/a>. \u00ab\u2009Elles commettaient des attouchements sur moi et m\u2019emmenaient toucher le sexe d\u2019hommes\u2009\u00bb, d\u00e9taille-t-elle. Ces derni\u00e8res l\u2019obligeaient aussi \u00e0 regarder des films pornographiques.<\/p>\n<p class=\" wall-content\">Cousin, voisin, proches\u2026 Le viol revient inlassablement. Mais au milieu de cette vie d\u2019abus, les incoh\u00e9rences se glissent dans son r\u00e9cit. \u00ab\u2009Il m\u2019a viol\u00e9e et jet\u00e9e \u00e0 la rue\u2009\u00bb, dit-elle en \u00e9voquant le partenaire de son premier rapport sexuel \u00e0 l\u2019\u00e2ge de 19 ans. Moins d\u2019une heure apr\u00e8s, la premi\u00e8re fois est relat\u00e9e d\u2019une nouvelle fa\u00e7on\u2009: \u00ab\u2009C\u2019\u00e9tait un rapport consenti\u2009\u00bb. Ce d\u00e9calage, l\u2019enqu\u00eatrice de personnalit\u00e9 l\u2019a aussi ressenti. Aucun des traumatismes corrobor\u00e9s par l\u2019accus\u00e9e n\u2019a \u00e9t\u00e9 confirm\u00e9 par ses proches. \u00ab\u2009Il y a un hiatus entre la fa\u00e7on dont madame pr\u00e9sente une vie difficile pleine de violence et ce que disent les t\u00e9moins\u2009\u00bb, synth\u00e9tise l\u2019avocat g\u00e9n\u00e9ral.<\/p>\n<p>Une consommation de 20 joints par jour<\/p>\n<p class=\" wall-content\">M\u00eame le grand amour de la jeune femme, Mustafa, est peint au vitriol par l\u2019accus\u00e9e. \u00ab\u2009Il m\u2019a trahi\u2009\u00bb, l\u00e2che-t-elle laconiquement. Elle l\u2019a rencontr\u00e9 \u00e0 18\u00a0ans, alors qu\u2019elle vit dans le <a href=\"https:\/\/actu.fr\/ile-de-france\/val-de-marne_94\" target=\"_blank\" rel=\"noopener\">Val-de-Marne<\/a> et sort d\u2019\u00e9tudes en CAP restauration. Elle a quitt\u00e9 l\u2019Alg\u00e9rie en 2014 avec sa m\u00e8re et ses deux s\u0153urs. Lui est un dealer. Elle une \u00ab\u00a0mauvaise graine\u00a0\u00bb. Ils vivent d\u2019amour et d\u2019herbe fra\u00eeche. Chaque jour, Dahbia Benkired consomme <strong>un peu plus de 20 joints<\/strong>. \u00ab\u2009Mustafa avait ramen\u00e9 une valise pleine de <a href=\"https:\/\/actu.fr\/tag\/cannabis\" target=\"_blank\" rel=\"noopener\">cannabis<\/a> et j\u2019en prenais en cachette\u2009\u00bb, relate-t-elle. \u00c0 l\u2019automne 2022, elle avait arr\u00eat\u00e9 de fumer pendant un mois, avant de reprendre une semaine avant le meurtre de Lola.<\/p>\n<p>Prostitution et lyrica<\/p>\n<p class=\" wall-content\">Derri\u00e8re l\u2019amour se cacherait pourtant la violence. \u00c0 la cour, l\u2019accus\u00e9e assure avoir \u00e9t\u00e9 pouss\u00e9e \u00e0 se prostituer par son compagnon. Une pratique qu\u2019elle aurait continu\u00e9e dans le bar o\u00f9 elle travaillait \u00e0 l\u2019\u00e9t\u00e9 2022. \u00ab\u2009Je rentrais avec des clients contre de l\u2019argent\u2009\u00bb, explique-t-elle. Durant ces passes, elle aurait <strong>consomm\u00e9 du <a href=\"https:\/\/actu.fr\/auvergne-rhone-alpes\/lyon_69123\/ce-puissant-medicament-nouvelle-drogue-tres-consommee-a-lyon-inquiete_55398746.html\" target=\"_blank\" rel=\"noopener\">Lyrica<\/a><\/strong>, un m\u00e9dicament aux effets neurologiques d\u00e9vastateurs. L\u00e0 encore, des all\u00e9gations inv\u00e9rifiables. D\u2019autres \u00e9l\u00e9ments viennent semer le trouble comme cette \u00ab\u2009secte p\u00e9dosataniste\u2009\u00bb \u00e9voqu\u00e9e par l\u2019ex-conjoint interrog\u00e9. \u00ab\u2009Elle avait des fr\u00e9quentations bizarres qui lui ont fait des trucs bizarres\u2009\u00bb, a-t-il d\u00e9clar\u00e9 \u00e0 l\u2019enqu\u00eatrice de personnalit\u00e9.<\/p>\n<p>Votre r\u00e9gion, votre actu !<\/p>\n<p>Recevez chaque jour les infos qui comptent pour vous.<\/p>\n<p>\t<a href=\"https:\/\/actu.fr\/newsletter\" class=\"ac-btn ac-btn--corner ac-btn--medium ac-btn--blue800\" target=\"_blank\" rel=\"noopener\">S&rsquo;incrire<\/a><\/p>\n<p class=\" wall-content\">On navigue ainsi pendant plusieurs heures sur cette mer brumeuse. Chaque d\u00e9claration de Dahbia Benkired trouble davantage le ciel du pr\u00e9toire. Comme cet instant o\u00f9 elle regarde d\u2019un air \u00e9berlu\u00e9 le pr\u00e9sident lorsqu\u2019il rappelle la date de la mort de sa m\u00e8re, \u00e9pisode de bascule selon elle. \u00ab\u00a0Ah, je m\u2019en souviens m\u00eame pas\u00a0\u00bb, dit-elle apathique. Seule certitude sur ces 24 ann\u00e9es\u2009: une vie d\u2019errance. Mais ce vendredi, la cour d\u2019assises erre aussi dans ce brouillard corrosif. La fum\u00e9e atteint, mais n\u2019incommode pas les bancs des parties civiles. Il faut dire que leurs yeux sont d\u00e9j\u00e0 rougis de larmes.\u00a0<\/p>\n<p class=\" wall-content\">Personnalisez votre actualit\u00e9 en ajoutant vos villes et m\u00e9dias en favori avec <a href=\"https:\/\/moncompte.actu.fr\" title=\"D\u00e9couvez Mon Actu\" rel=\"nofollow noopener\" data-trk=\"{&quot;cta&quot;:{&quot;action&quot;:&quot;https:\\\/\\\/moncompte.actu.fr&quot;,&quot;category&quot;:&quot;mon compte&quot;,&quot;from&quot;:&quot;article footer&quot;,&quot;name&quot;:&quot;Mon actu&quot;,&quot;type&quot;:&quot;cta&quot;}}\" target=\"_blank\">Mon Actu<\/a>.<\/p>\n","protected":false},"excerpt":{"rendered":"Par Antoine Blanchet Publi\u00e9 le 17 oct. 2025 \u00e0 18h32 \u00ab\u2009Je voudrais qu\u2019ils sachent. Que \u00e7a, c\u2019est arriv\u00e9&hellip;\n","protected":false},"author":2,"featured_media":470443,"comment_status":"","ping_status":"","sticky":false,"template":"","format":"standard","meta":{"footnotes":""},"categories":[1888],"tags":[1111,1928,11,1927,1777,674,118,1011,27,303,777,12,1926,626,1925,2694,25],"class_list":{"0":"post-470442","1":"post","2":"type-post","3":"status-publish","4":"format-standard","5":"has-post-thumbnail","7":"category-paris","8":"tag-actu","9":"tag-actu-paris","10":"tag-actualites","11":"tag-actualites-paris","12":"tag-eu","13":"tag-europe","14":"tag-faits-divers","15":"tag-fr","16":"tag-france","17":"tag-justice","18":"tag-meurtre","19":"tag-news","20":"tag-news-paris","21":"tag-paris","22":"tag-paris-news","23":"tag-proces","24":"tag-republique-francaise"},"share_on_mastodon":{"url":"https:\/\/pubeurope.com\/@fr\/115390643266169843","error":""},"_links":{"self":[{"href":"https:\/\/www.europesays.com\/fr\/wp-json\/wp\/v2\/posts\/470442","targetHints":{"allow":["GET"]}}],"collection":[{"href":"https:\/\/www.europesays.com\/fr\/wp-json\/wp\/v2\/posts"}],"about":[{"href":"https:\/\/www.europesays.com\/fr\/wp-json\/wp\/v2\/types\/post"}],"author":[{"embeddable":true,"href":"https:\/\/www.europesays.com\/fr\/wp-json\/wp\/v2\/users\/2"}],"replies":[{"embeddable":true,"href":"https:\/\/www.europesays.com\/fr\/wp-json\/wp\/v2\/comments?post=470442"}],"version-history":[{"count":0,"href":"https:\/\/www.europesays.com\/fr\/wp-json\/wp\/v2\/posts\/470442\/revisions"}],"wp:featuredmedia":[{"embeddable":true,"href":"https:\/\/www.europesays.com\/fr\/wp-json\/wp\/v2\/media\/470443"}],"wp:attachment":[{"href":"https:\/\/www.europesays.com\/fr\/wp-json\/wp\/v2\/media?parent=470442"}],"wp:term":[{"taxonomy":"category","embeddable":true,"href":"https:\/\/www.europesays.com\/fr\/wp-json\/wp\/v2\/categories?post=470442"},{"taxonomy":"post_tag","embeddable":true,"href":"https:\/\/www.europesays.com\/fr\/wp-json\/wp\/v2\/tags?post=470442"}],"curies":[{"name":"wp","href":"https:\/\/api.w.org\/{rel}","templated":true}]}}