{"id":470444,"date":"2025-10-17T17:17:13","date_gmt":"2025-10-17T17:17:13","guid":{"rendered":"https:\/\/www.europesays.com\/fr\/470444\/"},"modified":"2025-10-17T17:17:13","modified_gmt":"2025-10-17T17:17:13","slug":"reconquete-a-investi-ses-577-candidats-aux-legislatives","status":"publish","type":"post","link":"https:\/\/www.europesays.com\/fr\/470444\/","title":{"rendered":"Reconqu\u00eate ! a investi ses 577 candidats aux l\u00e9gislatives"},"content":{"rendered":"<p class=\"mb-4 text-lg md:leading-8 break-words\">On ne les y reprendra plus. La dissolution de l\u2019\u00e9t\u00e9 2024 a sonn\u00e9, pour Reconqu\u00eate\u00a0!, le temps des disettes. Siphonn\u00e9 par son adversaire h\u00e9r\u00e9ditaire, le Rassemblement national, aux europ\u00e9ennes, <a href=\"https:\/\/www.parismatch.com\/actu\/politique\/legislatives-fin-de-partie-pour-reconquete-238606\" rel=\"nofollow noopener\" target=\"_blank\" data-ylk=\"slk:il le fut, ensuite, par ses propres ouailles\u00a0aux l\u00e9gislatives;elm:context_link;itc:0;sec:content-canvas\" class=\"link \">il le fut, ensuite, par ses propres ouailles\u00a0aux l\u00e9gislatives<\/a>\u00a0: sa t\u00eate de liste aux <a href=\"https:\/\/www.parismatch.com\/bio\/marion-marechal-le-pen\" rel=\"nofollow noopener\" target=\"_blank\" data-ylk=\"slk:Marion Mar\u00e9chal;elm:context_link;itc:0;sec:content-canvas\" class=\"link \">Marion Mar\u00e9chal<\/a>, les eurod\u00e9put\u00e9s Nicolas Bay, Guillaume Peltier et Laurent Trochu, embarqu\u00e9s dans l\u2019engrenage de l\u2019union des droites avec leur grand fr\u00e8re nationaliste et dont les d\u00e9parts ont charri\u00e9 ceux de nombre de cadres zemmouristes locaux.<\/p>\n<p class=\"mb-4 text-lg md:leading-8 break-words\">Le pol\u00e9miste et sa conseill\u00e8re <a href=\"https:\/\/www.parismatch.com\/bio\/sarah-knafo\" rel=\"nofollow noopener\" target=\"_blank\" data-ylk=\"slk:Sarah Knafo;elm:context_link;itc:0;sec:content-canvas\" class=\"link \">Sarah Knafo<\/a> n\u2019ont, eux, pas convol\u00e9 avec Marine Le\u00a0Pen, Jordan Bardella et \u00c9ric Ciotti l\u2019an dernier. Investissant, en catastrophe, 330 candidats et contraints d\u2019en laisser 247 vacantes. Plus question, d\u00e9sormais, de se laisser prendre de court. Selon les informations de \u00ab\u00a0Paris Match\u00a0\u00bb, voil\u00e0 dix jours que Reconqu\u00eate\u00a0! a parachev\u00e9 sa qu\u00eate de pr\u00e9tendants. La liste des 577 candidats est d\u2019ores et d\u00e9j\u00e0 arr\u00eat\u00e9e, ainsi que celles de leurs suppl\u00e9ants et mandataires financiers, livre-t-on en haut lieu.<\/p>\n<p>Zemmour et Knafo pas candidats<\/p>\n<p class=\"mb-4 text-lg md:leading-8 break-words\">Parmi eux, <a href=\"https:\/\/www.parismatch.com\/actu\/politique\/info-paris-match-reconquete-investit-hilaire-bouye-face-a-barnier-et-mariani-a-paris-256299\" rel=\"nofollow noopener\" target=\"_blank\" data-ylk=\"slk:Hilaire Bouy\u00e9, nouveau pr\u00e9sident de G\u00e9n\u00e9ration Zemmour et candidat malheureux dans la deuxi\u00e8me circonscription de Paris;elm:context_link;itc:0;sec:content-canvas\" class=\"link \">Hilaire Bouy\u00e9, nouveau pr\u00e9sident de G\u00e9n\u00e9ration Zemmour et candidat malheureux dans la deuxi\u00e8me circonscription de Paris<\/a>, lors de la l\u00e9gislative partielle qui l\u2019opposa \u00e0 Thierry Mariani et Michel Barnier. <a href=\"https:\/\/www.parismatch.com\/bio\/eric-zemmour\" rel=\"nofollow noopener\" target=\"_blank\" data-ylk=\"slk:\u00c9ric Zemmour;elm:context_link;itc:0;sec:content-canvas\" class=\"link \">\u00c9ric Zemmour<\/a>, lui, n\u2019ira pas relever le gant\u00a0: \u00ab\u00a0C\u2019est une figure nationale, engag\u00e9e sur des \u00e9ch\u00e9ances nationales, occup\u00e9 par la sortie de son livre et de sa s\u00e9rie sur Canal+. Il m\u00e8ne le comba&#8230;<\/p>\n<p class=\"mb-4 text-lg md:leading-8 break-words\"><a href=\"https:\/\/www.parismatch.com\/actu\/politique\/info-paris-match-reconquete-a-investi-ses-577-candidats-aux-legislatives-258779?at_medium=affiliate&amp;at_campaign=Yahoo\" rel=\"nofollow noopener\" target=\"_blank\" data-ylk=\"slk:Lire la suite sur ParisMatch;elm:context_link;itc:0;sec:content-canvas\" class=\"link \">Lire la suite sur ParisMatch<\/a><\/p>\n","protected":false},"excerpt":{"rendered":"On ne les y reprendra plus. La dissolution de l\u2019\u00e9t\u00e9 2024 a sonn\u00e9, pour Reconqu\u00eate\u00a0!, le temps des&hellip;\n","protected":false},"author":2,"featured_media":470445,"comment_status":"","ping_status":"","sticky":false,"template":"","format":"standard","meta":{"footnotes":""},"categories":[1888],"tags":[1111,1928,11,1927,1777,674,1011,27,59410,1077,430,12,1926,626,1925,1078,10838,25,15232,45393],"class_list":{"0":"post-470444","1":"post","2":"type-post","3":"status-publish","4":"format-standard","5":"has-post-thumbnail","7":"category-paris","8":"tag-actu","9":"tag-actu-paris","10":"tag-actualites","11":"tag-actualites-paris","12":"tag-eu","13":"tag-europe","14":"tag-fr","15":"tag-france","16":"tag-guillaume-peltier","17":"tag-jordan-bardella","18":"tag-marine-le-pen","19":"tag-news","20":"tag-news-paris","21":"tag-paris","22":"tag-paris-news","23":"tag-rassemblement-national","24":"tag-reconquete","25":"tag-republique-francaise","26":"tag-sarah-knafo","27":"tag-tete-de-liste"},"share_on_mastodon":{"url":"https:\/\/pubeurope.com\/@fr\/115390647231768964","error":""},"_links":{"self":[{"href":"https:\/\/www.europesays.com\/fr\/wp-json\/wp\/v2\/posts\/470444","targetHints":{"allow":["GET"]}}],"collection":[{"href":"https:\/\/www.europesays.com\/fr\/wp-json\/wp\/v2\/posts"}],"about":[{"href":"https:\/\/www.europesays.com\/fr\/wp-json\/wp\/v2\/types\/post"}],"author":[{"embeddable":true,"href":"https:\/\/www.europesays.com\/fr\/wp-json\/wp\/v2\/users\/2"}],"replies":[{"embeddable":true,"href":"https:\/\/www.europesays.com\/fr\/wp-json\/wp\/v2\/comments?post=470444"}],"version-history":[{"count":0,"href":"https:\/\/www.europesays.com\/fr\/wp-json\/wp\/v2\/posts\/470444\/revisions"}],"wp:featuredmedia":[{"embeddable":true,"href":"https:\/\/www.europesays.com\/fr\/wp-json\/wp\/v2\/media\/470445"}],"wp:attachment":[{"href":"https:\/\/www.europesays.com\/fr\/wp-json\/wp\/v2\/media?parent=470444"}],"wp:term":[{"taxonomy":"category","embeddable":true,"href":"https:\/\/www.europesays.com\/fr\/wp-json\/wp\/v2\/categories?post=470444"},{"taxonomy":"post_tag","embeddable":true,"href":"https:\/\/www.europesays.com\/fr\/wp-json\/wp\/v2\/tags?post=470444"}],"curies":[{"name":"wp","href":"https:\/\/api.w.org\/{rel}","templated":true}]}}