{"id":470446,"date":"2025-10-17T17:18:13","date_gmt":"2025-10-17T17:18:13","guid":{"rendered":"https:\/\/www.europesays.com\/fr\/470446\/"},"modified":"2025-10-17T17:18:13","modified_gmt":"2025-10-17T17:18:13","slug":"les-notes-de-frais-des-maires-darrondissement-enfin-rendues-publiques-voici-ce-quelles-contiennent","status":"publish","type":"post","link":"https:\/\/www.europesays.com\/fr\/470446\/","title":{"rendered":"les notes de frais des maires d&rsquo;arrondissement enfin rendues publiques, voici ce qu&rsquo;elles contiennent"},"content":{"rendered":"<p>            Par<br \/>\n        <strong><br \/>\n            <a href=\"https:\/\/actu.fr\/auteur\/glenn-gillet\" title=\"Consulter tous les articles de Glenn Gillet\" target=\"_blank\" rel=\"noopener\">Glenn Gillet<\/a><br \/>\n        <\/strong><\/p>\n<p>        Publi\u00e9 le<\/p>\n<p>            17 oct. 2025 \u00e0 18h19        <\/p>\n<p>C\u2019est un dispositif <strong>exclusif<\/strong>, auquel actu Paris a pu prendre part\u2009: la Ville de Paris a permis pour la premi\u00e8res fois \u00e0 quelques journalistes de consulter le d\u00e9tail des <a href=\"https:\/\/actu.fr\/ile-de-france\/paris_75056\/des-frais-d-elus-strictement-encadres-epinglee-la-ville-de-paris-veut-desamorcer-la-polemique_63246040.html\" target=\"_blank\" rel=\"noopener\">notes de frais de repr\u00e9sentation des maires d\u2019arrondissement<\/a> de la capitale. La publication d\u2019<a href=\"https:\/\/actu.fr\/ile-de-france\/paris_75056\/shopping-voyages-sous-la-pression-anne-hidalgo-revele-ses-notes-de-frais-et-souleve-l-indignation_63178904.html\" target=\"_blank\" rel=\"noopener\">une petite partie de ces donn\u00e9es<\/a> par des associations de transparence et des opposants politiques \u00e0 Anne Hidalgo et \u00e0 la gauche au pouvoir dans la capitale, courant septembre, avait cr\u00e9\u00e9 la <a href=\"https:\/\/actu.fr\/ile-de-france\/paris_75056\/epilation-integrale-taille-des-vetements-face-a-la-polemique-anne-hidalgo-denonce-des-fake-news_63191529.html\" target=\"_blank\" rel=\"noopener\">pol\u00e9mique<\/a>. Pendant un peu plus de deux heures ce vendredi 17\u00a0octobre 2025, nous avons fait face, dans une salle de l\u2019H\u00f4tel de Ville, \u00e0 un ordinateur appartenant \u00e0 la ville sur lequel \u00e9taient rassembl\u00e9s <strong>plus de 6\u2009000<\/strong> tickets de caisse, de carte bleue, factures et autres preuves d\u2019achats des 17 maires d\u2019arrondissement de Paris entre le deuxi\u00e8me semestre 2020 et la fin 2024. Interdiction toutefois de prendre des photos de l\u2019\u00e9cran ou d\u2019en faire de quelconques copies. \u00ab\u2009Ce sont des documents administratifs qui n\u2019ont <strong>pas vocation \u00e0 \u00eatre diffus\u00e9s ou envoy\u00e9s<\/strong> d\u2019une autre mani\u00e8re, quelle qu\u2019elle soit\u2009\u00bb, justifie la mairie.<\/p>\n<p>Une op\u00e9ration transparence pour calmer la pol\u00e9mique\u2009?<\/p>\n<p class=\" wall-content\">L\u2019op\u00e9ration avait \u00e9t\u00e9 annonc\u00e9e le 2 octobre, en pleine temp\u00eate politique et m\u00e9diatique\u2009: fin septembre, le collectif Transparence citoyenne, qui a b\u00e9n\u00e9fici\u00e9 de financement du milliardaire d\u2019extr\u00eame droite Pierre-\u00c9douard St\u00e9rin, est parvenu \u00e0 obtenir le d\u00e9tail des frais d\u2019Anne Hidalgo, sur d\u00e9cision du tribunal administratif. On d\u00e9couvrait ainsi que la maire de Paris avait d\u00e9pens\u00e9 <strong>84\u2009200\u00a0euros en frais de repr\u00e9sentation<\/strong> entre\u00a02020 et\u00a02024, notamment au travers d\u2019achats dans des enseignes haut de gamme comme Dior, Repetto, G\u00e9rard Darel ou encore au BHV. Quelques jours plus tard, c\u2019\u00e9tait au tour d\u2019Eric Lejoindre, maire du 18e arrondissement par ailleurs directeur de campagne d\u2019Emmanuel Gr\u00e9goire, candidat PS \u00e0 la succession d\u2019Anne Hidalgo, de voir ses notes de restaurants et factures de v\u00eatements partag\u00e9es sur les r\u00e9seaux sociaux et comment\u00e9es en masse.<\/p>\n<p class=\" wall-content\">Autant de d\u00e9penses valid\u00e9es par la Direction de la d\u00e9mocratie, des citoyens et des territoires (DDCT) de la mairie de Paris et rentrent donc en principe toutes dans le <strong>cadre l\u00e9gal<\/strong> et dans le cadre r\u00e9glementaire fix\u00e9 localement.<\/p>\n<p class=\" wall-content\">Mais face aux critiques, la Ville de Paris avait contre-attaqu\u00e9 en promettant aux journalistes qu\u2019ils pourraient, sous peu, consulter les notes de frais de l\u2019ensemble des maires d\u2019arrondissements sur rendez-vous, \u00e0 l\u2019H\u00f4tel de Ville. Le lendemain, Lib\u00e9ration\u00a0diffusait une partie de ces documents, gr\u00e2ce \u00e0 une source vraisemblablement proche de la mairie, et donnant lieu par la suite \u00e0 des <strong>interviews \u00e9tonnantes<\/strong> de la mairie du 8e arrondissement Jeanne d\u2019Hauteserre (LR) revendiquant le fait d\u2019\u00eatre <a href=\"https:\/\/actu.fr\/ile-de-france\/paris_75056\/bien-sapee-avec-36-000-euros-la-maire-du-8e-arrondissement-de-paris-veut-rendre-l-argent_63267732.html\" target=\"_blank\" rel=\"noopener\">\u00ab\u2009bien sap\u00e9e\u2009\u00bb avec v\u00eatements de luxe<\/a> et remerciant ses concitoyens de financer de telles d\u00e9penses. Face au toll\u00e9, elle a promis quelques jours plus tard de rendre l\u2019int\u00e9gralit\u00e9 des v\u00eatements acquis.<\/p>\n<p class=\" wall-content\">Apr\u00e8s ces rebondissements, deux sessions de consultation des fameux documents ont donc eu lieu ce vendredi et ils resteront disponibles \u00e0 l\u2019avenir pour les journalistes, sur rendez-vous, nous assure-t-on du c\u00f4t\u00e9 des \u00e9quipes de la Ville, nous pr\u00e9cisant que les notes concernant Anne Hidalgo seront elles aussi <strong>disponibles<\/strong>. \u00c9tant contraints par le temps pour cette session de consultation, nous n\u2019avons pas pu \u00e9plucher l\u2019int\u00e9gralit\u00e9 des plus de 6\u2009000 documents mis \u00e0 notre disposition. Mais nous avons pu d\u00e9couvrir comment les maires parisiens d\u00e9pensent les <strong>11\u2009092 euros de frais<\/strong> de repr\u00e9sentation dont ils disposent chaque ann\u00e9e.<\/p>\n<p>Restaurants, v\u00eatements, coiffures\u2026 Un train de vie confortable et contr\u00f4l\u00e9<\/p>\n<p class=\" wall-content\">On retrouve chez eux plusieurs postes de d\u00e9penses r\u00e9currents\u2009: les restaurants, les <strong>v\u00eatements de moyenne et haute gamme<\/strong>, le pressing, la coiffure et les cadeaux. Les sommes engag\u00e9es sont toutefois tr\u00e8s variables et plus ou moins nombreuses. Au cours des quatre derni\u00e8res ann\u00e9es, le maire de Paris Centre Ariel Weil (PS) a par exemple d\u00e9pens\u00e9 plusieurs fois une vingtaine d\u2019euros par passage dans un de ses bistrots pr\u00e9f\u00e9r\u00e9s, le Pick Clops (4e) mais aussi 498\u00a0euros sur la p\u00e9niche Marcounet en ao\u00fbt\u00a02020. C\u00f4t\u00e9 v\u00eatement, ce sont les marques Eric Bompard, Figaret, Agnes B. et Carhartt qui trouvent le plus souvent gr\u00e2ce \u00e0 ses yeux\u2009: il a par exemple d\u00e9pens\u00e9 545,60\u00a0euros pour diverses pi\u00e8ces de chez Bompard le 4\u00a0janvier 2021 avant de revenir le lendemain pour un passage en caisse \u00e0 127,60\u00a0euros. Le reste du temps, il r\u00e9alise des d\u00e9penses comprises g\u00e9n\u00e9ralement entre 10 et 100\u00a0euros dans divers restaurants et caf\u00e9s, de fa\u00e7on r\u00e9guli\u00e8re. En 2021, ce sont 139 justificatifs pr\u00e9sent\u00e9s par le maire du centre de la capitale qui ont \u00e9t\u00e9 valid\u00e9s par les services de la ville de Paris.<\/p>\n<p class=\" wall-content\">D\u2019autres \u00e9diles r\u00e9alisent des d\u00e9penses plus ponctuelles mais aussi plus importantes\u2009: par exemple, quand Francis Szpiner, maire LR du 16e arrondissement jusqu\u2019\u00e0 son \u00e9lection en tant que s\u00e9nateur, se rend \u00e0 la boutique de chemises et de costumes Figaret rue de Longchamp le 21\u00a0d\u00e9cembre 2020, il ressort les mains pleines de v\u00eatements, pour un montant qui s\u2019\u00e9l\u00e8ve \u00e0 pas moins de 1970 euros. Rebelote le 24\u00a0d\u00e9cembre 2021 lors de sa visite \u00e0 deux pas de Figaret, chez Arthur &amp; Fox, o\u00f9 il d\u00e9pense plus de <strong>3\u2009000\u00a0euros dans diverses pi\u00e8ces chics<\/strong>. En octobre\u00a02023, son dernier mois \u00e0 la mairie du 16e, il se voit adresser une facture de fleuristes de 1\u2009753\u00a0\u20ac pour une \u00ab\u2009c\u00e9r\u00e9monie\u2009\u00bb. Un pot de d\u00e9part\u2009?<\/p>\n<p>Votre r\u00e9gion, votre actu !<\/p>\n<p>Recevez chaque jour les infos qui comptent pour vous.<\/p>\n<p>\t<a href=\"https:\/\/actu.fr\/newsletter\" class=\"ac-btn ac-btn--corner ac-btn--medium ac-btn--blue800\" target=\"_blank\" rel=\"noopener\">S&rsquo;incrire<\/a><\/p>\n<p class=\" wall-content\">Du c\u00f4t\u00e9 du 9e arrondissement, la maire Delphine B\u00fcrkli (Horizons) a un poste de d\u00e9pense privil\u00e9gi\u00e9\u2009: les <strong>brushings<\/strong>. Rien que sur l\u2019ann\u00e9e 2021, ces notes de frais font \u00e9tat de 71 passages au Salon Alvarez pour une prestation en trois \u00e9tapes qui lui revient \u00e0 chaque fois \u00e0 33,20\u00a0euros, pour un total de <strong>2\u2009357,20\u00a0euros sur l\u2019ann\u00e9e<\/strong>. Le reste de ses d\u00e9penses\u2009: principalement, l\u00e0 encore, des restaurants et des v\u00eatements.<\/p>\n<p class=\" wall-content\">Nous n\u2019\u00e9num\u00e9rerons les cas de tous les maires. M\u00eame si les quelque deux heures qui nous ont \u00e9t\u00e9 accord\u00e9es ne permettent pas une analyse exhaustive des d\u00e9penses de chaque \u00e9lu, il faut dire que leurs notes de frais que nous avons consult\u00e9s se ressemblent fortement (\u00e0 l\u2019exception peut-\u00eatre de celles de Jeanne d\u2019Hauteserre qui ne concernent que des v\u00eatements haut de gamme), \u00e0 la fois en termes de montants d\u00e9pens\u00e9s et de postes de d\u00e9penses. Seule exception au tableau\u2009: Rachida Dati, maire du 7e arrondissement, qui n\u2019a enregistr\u00e9 <strong>que trois notes de frais<\/strong> depuis 2020\u2009: 185\u00a0euros au restaurant Lily Wang le 16\u00a0septembre 2020, 67\u00a0euros au Caf\u00e9 de l\u2019Esplanade le 2\u00a0octobre de la m\u00eame ann\u00e9e et enfin 84,50\u00a0euros, \u00e0 nouveau \u00e0 Lily Wang, le 27\u00a0octobre 2021.<\/p>\n<p class=\" wall-content\">Apr\u00e8s les critiques essuy\u00e9es par Anne Hidalgo au sujet de ses pr\u00e9c\u00e9dents refus de publier le d\u00e9tail de ses notes de frais, la mairie de Paris mart\u00e8le que l\u2019op\u00e9ration conduite ce vendredi \u00ab\u2009montre que nous faisons preuve de transparence, contrairement \u00e0 beaucoup d\u2019acteurs qui se renvoient la balle ou qui disent qu\u2019ils ne le feront pas tant que les autres ne l\u2019auront pas fait. [\u2026] Il y a eu une attente parce qu\u2019il s\u2019agit de taper sur la Ville de Paris et sur Anne Hidalgo\u2009\u00bb et pour le cas pr\u00e9cis des associations qui ont fait des demandes, \u00e0 l\u2019image de Transparence citoyenne, \u00ab\u2009il y a \u00e9videmment des consid\u00e9rations politiques derri\u00e8re, <strong>qui veulent salir la Ville de Paris et nuire<\/strong>, alors forc\u00e9ment, il peut y avoir des r\u00e9ticences \u00e0 transmettre ces documents\u2009\u00bb. \u00c0 quelques mois des \u00e9lections municipales, et m\u00eame si Anne Hidalgo n\u2019est pas candidate pour un troisi\u00e8me mandat, on ne peut en effet gu\u00e8re douter que les publications de ces notes de frais deviennent autant d\u2019arguments dans la bataille \u00e9lectorale.<\/p>\n<p class=\" wall-content\">Personnalisez votre actualit\u00e9 en ajoutant vos villes et m\u00e9dias en favori avec <a href=\"https:\/\/moncompte.actu.fr\" title=\"D\u00e9couvez Mon Actu\" rel=\"nofollow noopener\" data-trk=\"{&quot;cta&quot;:{&quot;action&quot;:&quot;https:\\\/\\\/moncompte.actu.fr&quot;,&quot;category&quot;:&quot;mon compte&quot;,&quot;from&quot;:&quot;article footer&quot;,&quot;name&quot;:&quot;Mon actu&quot;,&quot;type&quot;:&quot;cta&quot;}}\" target=\"_blank\">Mon Actu<\/a>.<\/p>\n","protected":false},"excerpt":{"rendered":"Par Glenn Gillet Publi\u00e9 le 17 oct. 2025 \u00e0 18h19 C\u2019est un dispositif exclusif, auquel actu Paris a&hellip;\n","protected":false},"author":2,"featured_media":470447,"comment_status":"","ping_status":"","sticky":false,"template":"","format":"standard","meta":{"footnotes":""},"categories":[1888],"tags":[11,2618,1777,674,1011,27,2381,12,626,316,417,25],"class_list":{"0":"post-470446","1":"post","2":"type-post","3":"status-publish","4":"format-standard","5":"has-post-thumbnail","7":"category-paris","8":"tag-actualites","9":"tag-anne-hidalgo","10":"tag-eu","11":"tag-europe","12":"tag-fr","13":"tag-france","14":"tag-mairie-de-paris","15":"tag-news","16":"tag-paris","17":"tag-politique","18":"tag-rachida-dati","19":"tag-republique-francaise"},"share_on_mastodon":{"url":"https:\/\/pubeurope.com\/@fr\/115390651192244404","error":""},"_links":{"self":[{"href":"https:\/\/www.europesays.com\/fr\/wp-json\/wp\/v2\/posts\/470446","targetHints":{"allow":["GET"]}}],"collection":[{"href":"https:\/\/www.europesays.com\/fr\/wp-json\/wp\/v2\/posts"}],"about":[{"href":"https:\/\/www.europesays.com\/fr\/wp-json\/wp\/v2\/types\/post"}],"author":[{"embeddable":true,"href":"https:\/\/www.europesays.com\/fr\/wp-json\/wp\/v2\/users\/2"}],"replies":[{"embeddable":true,"href":"https:\/\/www.europesays.com\/fr\/wp-json\/wp\/v2\/comments?post=470446"}],"version-history":[{"count":0,"href":"https:\/\/www.europesays.com\/fr\/wp-json\/wp\/v2\/posts\/470446\/revisions"}],"wp:featuredmedia":[{"embeddable":true,"href":"https:\/\/www.europesays.com\/fr\/wp-json\/wp\/v2\/media\/470447"}],"wp:attachment":[{"href":"https:\/\/www.europesays.com\/fr\/wp-json\/wp\/v2\/media?parent=470446"}],"wp:term":[{"taxonomy":"category","embeddable":true,"href":"https:\/\/www.europesays.com\/fr\/wp-json\/wp\/v2\/categories?post=470446"},{"taxonomy":"post_tag","embeddable":true,"href":"https:\/\/www.europesays.com\/fr\/wp-json\/wp\/v2\/tags?post=470446"}],"curies":[{"name":"wp","href":"https:\/\/api.w.org\/{rel}","templated":true}]}}