{"id":47045,"date":"2025-04-23T16:50:09","date_gmt":"2025-04-23T16:50:09","guid":{"rendered":"https:\/\/www.europesays.com\/fr\/47045\/"},"modified":"2025-04-23T16:50:09","modified_gmt":"2025-04-23T16:50:09","slug":"aussi-rapides-quun-asteroide-des-missiles-hypersoniques-en-projet-aux-etats-unis-et-au-royaume-uni","status":"publish","type":"post","link":"https:\/\/www.europesays.com\/fr\/47045\/","title":{"rendered":"Aussi rapides qu&rsquo;un ast\u00e9ro\u00efde : des missiles hypersoniques en projet aux \u00c9tats-Unis et au Royaume-Uni"},"content":{"rendered":"<p>\tAussi rapides qu&rsquo;un ast\u00e9ro\u00efde : des missiles hypersoniques en projet aux \u00c9tats-Unis et au Royaume-Uni &#8211; Valeurs actuelles<\/p>\n<p><a href=\"https:\/\/www.valeursactuelles.com\/\" rel=\"nofollow noopener\" target=\"_blank\">Accueil<\/a> \u00bb <a href=\"https:\/\/www.valeursactuelles.com\/monde\" rel=\"nofollow noopener\" target=\"_blank\">Monde<\/a> \u00bb Aussi rapides qu\u2019un ast\u00e9ro\u00efde : des missiles hypersoniques en projet aux \u00c9tats-Unis et au Royaume-Uni<\/p>\n","protected":false},"excerpt":{"rendered":"Aussi rapides qu&rsquo;un ast\u00e9ro\u00efde : des missiles hypersoniques en projet aux \u00c9tats-Unis et au Royaume-Uni &#8211; Valeurs actuelles&hellip;\n","protected":false},"author":2,"featured_media":47046,"comment_status":"","ping_status":"","sticky":false,"template":"","format":"standard","meta":{"footnotes":""},"categories":[1588],"tags":[11,554,73,1777,674,889,3343,12,473,1853,1851,1850,1852],"class_list":{"0":"post-47045","1":"post","2":"type-post","3":"status-publish","4":"format-standard","5":"has-post-thumbnail","7":"category-royaume-uni","8":"tag-actualites","9":"tag-defense","10":"tag-etats-unis","11":"tag-eu","12":"tag-europe","13":"tag-fusee","14":"tag-missile","15":"tag-news","16":"tag-royaume-uni","17":"tag-royaume-uni-de-grande-bretagne-et-dirlande-du-nord","18":"tag-uk","19":"tag-united-kingdom","20":"tag-united-kingdom-of-great-britain-and-northern-ireland"},"share_on_mastodon":{"url":"https:\/\/pubeurope.com\/@fr\/114388312130666770","error":""},"_links":{"self":[{"href":"https:\/\/www.europesays.com\/fr\/wp-json\/wp\/v2\/posts\/47045","targetHints":{"allow":["GET"]}}],"collection":[{"href":"https:\/\/www.europesays.com\/fr\/wp-json\/wp\/v2\/posts"}],"about":[{"href":"https:\/\/www.europesays.com\/fr\/wp-json\/wp\/v2\/types\/post"}],"author":[{"embeddable":true,"href":"https:\/\/www.europesays.com\/fr\/wp-json\/wp\/v2\/users\/2"}],"replies":[{"embeddable":true,"href":"https:\/\/www.europesays.com\/fr\/wp-json\/wp\/v2\/comments?post=47045"}],"version-history":[{"count":0,"href":"https:\/\/www.europesays.com\/fr\/wp-json\/wp\/v2\/posts\/47045\/revisions"}],"wp:featuredmedia":[{"embeddable":true,"href":"https:\/\/www.europesays.com\/fr\/wp-json\/wp\/v2\/media\/47046"}],"wp:attachment":[{"href":"https:\/\/www.europesays.com\/fr\/wp-json\/wp\/v2\/media?parent=47045"}],"wp:term":[{"taxonomy":"category","embeddable":true,"href":"https:\/\/www.europesays.com\/fr\/wp-json\/wp\/v2\/categories?post=47045"},{"taxonomy":"post_tag","embeddable":true,"href":"https:\/\/www.europesays.com\/fr\/wp-json\/wp\/v2\/tags?post=47045"}],"curies":[{"name":"wp","href":"https:\/\/api.w.org\/{rel}","templated":true}]}}