{"id":470454,"date":"2025-10-17T17:22:18","date_gmt":"2025-10-17T17:22:18","guid":{"rendered":"https:\/\/www.europesays.com\/fr\/470454\/"},"modified":"2025-10-17T17:22:18","modified_gmt":"2025-10-17T17:22:18","slug":"il-ny-aura-pas-daccord-mondial-sur-la-decarbonation-des-bateaux-les-etats-unis-jubilent","status":"publish","type":"post","link":"https:\/\/www.europesays.com\/fr\/470454\/","title":{"rendered":"Il n\u2019y aura pas d\u2019accord mondial sur la d\u00e9carbonation des bateaux, les Etats-Unis jubilent"},"content":{"rendered":"<p>Sous la pression de Washington, l\u2019<a href=\"https:\/\/www.imo.org\/fr\" rel=\"nofollow noopener\" target=\"_blank\" class=\"c-link c-link--is-underlined\">Organisation maritime internationale (OMI)<\/a> a repouss\u00e9 d\u2019un an l\u2019adoption du premier plan mondial visant \u00e0 r\u00e9duire les \u00e9missions de <a href=\"https:\/\/www.20minutes.fr\/dossier\/gaz_a_effet_de_serre\" target=\"_blank\" class=\"c-link c-link--is-underlined\" rel=\"noopener\">gaz \u00e0 effet de serre<\/a> des <a href=\"https:\/\/www.20minutes.fr\/dossier\/bateau\" target=\"_blank\" class=\"c-link c-link--is-underlined\" rel=\"noopener\">navires<\/a>. Ce recul, arrach\u00e9 apr\u00e8s une semaine de n\u00e9gociations tendues \u00e0 Londres, marque un revers majeur pour la diplomatie climatique mondiale et une victoire assum\u00e9e de <a href=\"https:\/\/www.20minutes.fr\/dossier\/donald_trump\" target=\"_blank\" class=\"c-link c-link--is-underlined\" rel=\"noopener\">Donald Trump<\/a>. Le secr\u00e9taire g\u00e9n\u00e9ral de l\u2019Organisation maritime internationale, Arsenio Dominguez, n\u2019a pas cach\u00e9 son d\u00e9sarroi face \u00e0 ce blocage\u00a0: \u00ab\u00a0Je n\u2019ai pas grand-chose \u00e0 vous dire pour l\u2019instant. \u00c7a n\u2019arrive pas souvent\u00a0\u00bb, a-t-il confi\u00e9.<\/p>\n<p>Le texte report\u00e9 devait contraindre le secteur maritime, responsable d\u2019environ 3\u00a0% des \u00e9missions mondiales de <a href=\"https:\/\/www.20minutes.fr\/planete\/co2\/\" target=\"_blank\" class=\"c-link c-link--is-underlined\" rel=\"noopener\">CO2<\/a>, \u00e0 r\u00e9duire progressivement son empreinte carbone d\u00e8s\u00a02028, pour atteindre la neutralit\u00e9 en\u00a02050. Le dispositif, d\u00e9j\u00e0 approuv\u00e9 en principe en avril, pr\u00e9voyait une tarification des \u00e9missions au-del\u00e0 d\u2019un certain seuil. Les recettes auraient aliment\u00e9 un fonds international pour soutenir les pays vuln\u00e9rables au <a href=\"https:\/\/www.20minutes.fr\/dossier\/changement_climatique\" target=\"_blank\" class=\"c-link c-link--is-underlined\" rel=\"noopener\">changement climatique<\/a> et r\u00e9compenser les navires les moins polluants.<\/p>\n<p>Les Etats-Unis se f\u00e9licitent de la d\u00e9cision<\/p>\n<p>Le chef de la diplomatie am\u00e9ricaine, <a href=\"https:\/\/www.20minutes.fr\/politique\/marco-rubio\/\" target=\"_blank\" class=\"c-link c-link--is-underlined\" rel=\"noopener\">Marco Rubio<\/a>, a salu\u00e9 \u00ab\u00a0une \u00e9norme victoire\u00a0\u00bb du pr\u00e9sident Trump, qu\u2019il a cr\u00e9dit\u00e9 d\u2019avoir \u00e9vit\u00e9 \u00ab\u00a0une augmentation massive des taxes impos\u00e9es par l\u2019<a href=\"https:\/\/www.20minutes.fr\/monde\/onu\/\" target=\"_blank\" class=\"c-link c-link--is-underlined\" rel=\"noopener\">ONU<\/a> aux consommateurs am\u00e9ricains\u00a0\u00bb. Dans un message publi\u00e9 sur le r\u00e9seau X, il a affirm\u00e9 que le pr\u00e9sident avait \u00ab\u00a0emp\u00each\u00e9 le financement de projets climatiques progressistes\u00a0\u00bb sous couvert d\u2019une taxe mondiale sur le transport maritime.<\/p>\n<\/p>\n<p>Sur son r\u00e9seau Truth Social, Donald Trump s\u2019\u00e9tait vant\u00e9 d\u2019avoir bloqu\u00e9 ce qu\u2019il qualifie d\u2019\u00ab\u00a0arnaque verte mondiale\u00a0\u00bb, d\u00e9clarant\u00a0: \u00ab\u00a0Les <a href=\"https:\/\/www.20minutes.fr\/monde\/etats-unis\/\" target=\"_blank\" class=\"c-link c-link--is-underlined\" rel=\"noopener\">Etats-Unis<\/a> ne tol\u00e9reront PAS cette taxe sur le <a href=\"https:\/\/www.20minutes.fr\/dossier\/transport_maritime\" target=\"_blank\" class=\"c-link c-link--is-underlined\" rel=\"noopener\">transport maritime<\/a> et ne s\u2019y conformeront d\u2019aucune mani\u00e8re.\u00a0\u00bb Il a ajout\u00e9 que son administration ne permettrait \u00ab\u00a0ni une hausse des prix pour les consommateurs am\u00e9ricains, ni la cr\u00e9ation d\u2019une bureaucratie verte pour d\u00e9penser VOTRE argent dans leurs r\u00eaves \u00e9cologiques\u00a0\u00bb.<\/p>\n<p>Un plan ambitieux repouss\u00e9 sous pression<\/p>\n<p>Mais la proposition, soutenue par l\u2019<a href=\"https:\/\/www.20minutes.fr\/dossier\/ue\" target=\"_blank\" class=\"c-link c-link--is-underlined\" rel=\"noopener\">Union europ\u00e9enne<\/a>, la <a href=\"https:\/\/www.20minutes.fr\/dossier\/chine\" target=\"_blank\" class=\"c-link c-link--is-underlined\" rel=\"noopener\">Chine<\/a>, le Br\u00e9sil et les Etats insulaires du Pacifique, s\u2019est heurt\u00e9e \u00e0 une coalition form\u00e9e par les Etats-Unis, l\u2019Arabie saoudite et la Russie. Washington aurait m\u00eame menac\u00e9 plusieurs d\u00e9l\u00e9gations favorables de restrictions de visas, de sanctions commerciales et de frais portuaires accrus. Le repr\u00e9sentant du Br\u00e9sil a d\u00e9nonc\u00e9 en s\u00e9ance pl\u00e9ni\u00e8re ces \u00ab\u00a0m\u00e9thodes\u00a0\u00bb am\u00e9ricaines, esp\u00e9rant que ce type de pression \u00ab\u00a0ne remplacera pas la mani\u00e8re habituelle de prendre des d\u00e9cisions au niveau mondial\u00a0\u00bb.<\/p>\n<p><a href=\"https:\/\/www.20minutes.fr\/dossier\/rechauffement-climatique\" target=\"_blank\" class=\"c-link c-btn c-btn--primary\" rel=\"noopener\">Notre dossier sur le climat<\/a><\/p>\n<p>A Bruxelles, la <a href=\"https:\/\/www.20minutes.fr\/dossier\/commission_europeenne\" target=\"_blank\" class=\"c-link c-link--is-underlined\" rel=\"noopener\">Commission europ\u00e9enne<\/a> a r\u00e9agi avec fermet\u00e9, qualifiant ce report de \u00ab\u00a0regrettable\u00a0\u00bb. \u00ab\u00a0L\u2019Union europ\u00e9enne est pr\u00eate \u00e0 reprendre les discussions sur l\u2019accord sous l\u2019\u00e9gide de l\u2019OMI lorsque cela sera opportun\u00a0\u00bb, a d\u00e9clar\u00e9 une porte-parole. L\u2019ex\u00e9cutif europ\u00e9en souligne que ce recul retarde un chantier essentiel pour la transition \u00e9cologique du transport maritime, l\u2019un des secteurs les plus polluants au monde. Malgr\u00e9 ce revers, les principales associations et organisations continuent de plaider pour une adoption rapide du cadre \u00ab\u00a0Net Zero Framework\u00a0\u00bb (NZF), afin de disposer d\u2019une visibilit\u00e9 r\u00e9glementaire claire.<\/p>\n","protected":false},"excerpt":{"rendered":"Sous la pression de Washington, l\u2019Organisation maritime internationale (OMI) a repouss\u00e9 d\u2019un an l\u2019adoption du premier plan mondial&hellip;\n","protected":false},"author":2,"featured_media":470455,"comment_status":"","ping_status":"","sticky":false,"template":"","format":"standard","meta":{"footnotes":""},"categories":[1589],"tags":[11,5160,21947,2196,75,73,1866,16743,12,3521,52,1800,5140,2446,555,1864,1865,1863,308],"class_list":{"0":"post-470454","1":"post","2":"type-post","3":"status-publish","4":"format-standard","5":"has-post-thumbnail","7":"category-etats-unis","8":"tag-actualites","9":"tag-bateau","10":"tag-co2","11":"tag-commission-europeenne","12":"tag-donald-trump","13":"tag-etats-unis","14":"tag-etats-unis-damerique","15":"tag-gaz-a-effet-de-serre","16":"tag-news","17":"tag-onu","18":"tag-planete","19":"tag-pollution","20":"tag-rechauffement-climatique","21":"tag-transport-maritime","22":"tag-union-europeenne-ue","23":"tag-united-states","24":"tag-united-states-of-america","25":"tag-us","26":"tag-usa"},"share_on_mastodon":{"url":"https:\/\/pubeurope.com\/@fr\/115390666769795068","error":""},"_links":{"self":[{"href":"https:\/\/www.europesays.com\/fr\/wp-json\/wp\/v2\/posts\/470454","targetHints":{"allow":["GET"]}}],"collection":[{"href":"https:\/\/www.europesays.com\/fr\/wp-json\/wp\/v2\/posts"}],"about":[{"href":"https:\/\/www.europesays.com\/fr\/wp-json\/wp\/v2\/types\/post"}],"author":[{"embeddable":true,"href":"https:\/\/www.europesays.com\/fr\/wp-json\/wp\/v2\/users\/2"}],"replies":[{"embeddable":true,"href":"https:\/\/www.europesays.com\/fr\/wp-json\/wp\/v2\/comments?post=470454"}],"version-history":[{"count":0,"href":"https:\/\/www.europesays.com\/fr\/wp-json\/wp\/v2\/posts\/470454\/revisions"}],"wp:featuredmedia":[{"embeddable":true,"href":"https:\/\/www.europesays.com\/fr\/wp-json\/wp\/v2\/media\/470455"}],"wp:attachment":[{"href":"https:\/\/www.europesays.com\/fr\/wp-json\/wp\/v2\/media?parent=470454"}],"wp:term":[{"taxonomy":"category","embeddable":true,"href":"https:\/\/www.europesays.com\/fr\/wp-json\/wp\/v2\/categories?post=470454"},{"taxonomy":"post_tag","embeddable":true,"href":"https:\/\/www.europesays.com\/fr\/wp-json\/wp\/v2\/tags?post=470454"}],"curies":[{"name":"wp","href":"https:\/\/api.w.org\/{rel}","templated":true}]}}