{"id":470456,"date":"2025-10-17T17:23:19","date_gmt":"2025-10-17T17:23:19","guid":{"rendered":"https:\/\/www.europesays.com\/fr\/470456\/"},"modified":"2025-10-17T17:23:19","modified_gmt":"2025-10-17T17:23:19","slug":"royaume-uni-le-taux-de-chomage-au-plus-haut-depuis-plus-de-quatre-ans","status":"publish","type":"post","link":"https:\/\/www.europesays.com\/fr\/470456\/","title":{"rendered":"Royaume-Uni: le taux de ch\u00f4mage au plus haut depuis plus de quatre ans"},"content":{"rendered":"<p class=\"ap-StoryElement ap-StoryElement--mb ap-StoryText\">Les hausses d&rsquo;imp\u00f4ts \u00ab\u00a0ont d\u00e9j\u00e0 impos\u00e9 un fardeau cons\u00e9quent aux entreprises\u00a0\u00bb, rel\u00e8ve Richard Carter, analyste chez Quilter Cheviot, qui anticipe qu'\u00a0\u00bbelles pr\u00e9f\u00e9reront cette ann\u00e9e probablement retarder tout projet d&#8217;embauche majeur jusqu&rsquo;\u00e0 ce qu&rsquo;elles sachent avec certitude si d&rsquo;autres changements sont \u00e0 venir\u00a0\u00bb.<\/p>\n<p class=\"ap-StoryElement ap-StoryElement--mb ap-StoryText\">\u00ab\u00a0Les projets d&#8217;embauche sont au point mort\u00a0\u00bb, abonde Sanjay Raja, de Deutsche Bank, pour qui \u00ab\u00a0le march\u00e9 du travail continue de s&rsquo;affaiblir\u00a0\u00bb dans le pays.<\/p>\n<p class=\"ap-StoryElement ap-StoryElement--mb ap-StoryText\">La croissance des salaires a pour sa part ralenti dans le priv\u00e9 pour atteindre son taux le plus bas en pr\u00e8s de quatre ans.<\/p>\n<p class=\"ap-StoryElement ap-StoryElement--mb ap-StoryText\">Elle reste toutefois \u00ab\u00a0bien au-dessus des niveaux compatibles avec une stabilisation de l&rsquo;inflation \u00e0 l&rsquo;objectif de 2%\u00a0\u00bb de la Banque d&rsquo;Angleterre, remarque Matt Swannell, analyste chez EY Item Club, pour qui \u00ab\u00a0les taux d&rsquo;int\u00e9r\u00eat resteront probablement inchang\u00e9s pour le reste de cette ann\u00e9e\u00a0\u00bb.<\/p>\n","protected":false},"excerpt":{"rendered":"Les hausses d&rsquo;imp\u00f4ts \u00ab\u00a0ont d\u00e9j\u00e0 impos\u00e9 un fardeau cons\u00e9quent aux entreprises\u00a0\u00bb, rel\u00e8ve Richard Carter, analyste chez Quilter Cheviot,&hellip;\n","protected":false},"author":2,"featured_media":2837,"comment_status":"","ping_status":"","sticky":false,"template":"","format":"standard","meta":{"footnotes":""},"categories":[1588],"tags":[11,8324,341,1777,674,12,473,1853,801,1851,1850,1852],"class_list":{"0":"post-470456","1":"post","2":"type-post","3":"status-publish","4":"format-standard","5":"has-post-thumbnail","7":"category-royaume-uni","8":"tag-actualites","9":"tag-conjoncture","10":"tag-emploi","11":"tag-eu","12":"tag-europe","13":"tag-news","14":"tag-royaume-uni","15":"tag-royaume-uni-de-grande-bretagne-et-dirlande-du-nord","16":"tag-social","17":"tag-uk","18":"tag-united-kingdom","19":"tag-united-kingdom-of-great-britain-and-northern-ireland"},"share_on_mastodon":{"url":"https:\/\/pubeurope.com\/@fr\/115390670748554199","error":""},"_links":{"self":[{"href":"https:\/\/www.europesays.com\/fr\/wp-json\/wp\/v2\/posts\/470456","targetHints":{"allow":["GET"]}}],"collection":[{"href":"https:\/\/www.europesays.com\/fr\/wp-json\/wp\/v2\/posts"}],"about":[{"href":"https:\/\/www.europesays.com\/fr\/wp-json\/wp\/v2\/types\/post"}],"author":[{"embeddable":true,"href":"https:\/\/www.europesays.com\/fr\/wp-json\/wp\/v2\/users\/2"}],"replies":[{"embeddable":true,"href":"https:\/\/www.europesays.com\/fr\/wp-json\/wp\/v2\/comments?post=470456"}],"version-history":[{"count":0,"href":"https:\/\/www.europesays.com\/fr\/wp-json\/wp\/v2\/posts\/470456\/revisions"}],"wp:featuredmedia":[{"embeddable":true,"href":"https:\/\/www.europesays.com\/fr\/wp-json\/wp\/v2\/media\/2837"}],"wp:attachment":[{"href":"https:\/\/www.europesays.com\/fr\/wp-json\/wp\/v2\/media?parent=470456"}],"wp:term":[{"taxonomy":"category","embeddable":true,"href":"https:\/\/www.europesays.com\/fr\/wp-json\/wp\/v2\/categories?post=470456"},{"taxonomy":"post_tag","embeddable":true,"href":"https:\/\/www.europesays.com\/fr\/wp-json\/wp\/v2\/tags?post=470456"}],"curies":[{"name":"wp","href":"https:\/\/api.w.org\/{rel}","templated":true}]}}