{"id":470457,"date":"2025-10-17T17:24:10","date_gmt":"2025-10-17T17:24:10","guid":{"rendered":"https:\/\/www.europesays.com\/fr\/470457\/"},"modified":"2025-10-17T17:24:10","modified_gmt":"2025-10-17T17:24:10","slug":"tennis-de-table-euro-par-equipes-h-les-bleus-affronteront-lallemagne-en-demi-finales","status":"publish","type":"post","link":"https:\/\/www.europesays.com\/fr\/470457\/","title":{"rendered":"Tennis de table &#8211; Euro par \u00e9quipes (H) : Les Bleus affronteront l&rsquo;Allemagne en demi-finales"},"content":{"rendered":"<p class=\"date\">\n                                                            Aur\u00e9lien Canot, Media365, publi\u00e9 le vendredi 17 octobre 2025 \u00e0 19h05\n                                                    <\/p>\n<p>L&rsquo;\u00e9quipe de France affrontera l&rsquo;Allemagne samedi apr\u00e8s-midi \u00e0 Zadar en demi-finales de l&rsquo;Euro par \u00e9quipes. Apr\u00e8s que les Bleus ont poursuivi leur promenade de sant\u00e9 en Croatie en terrassant la Belgique un peu plus t\u00f4t, les Allemands les ont rejoints apr\u00e8s avoir dispos\u00e9 des Croates (3-1).<\/p>\n<p>Sans surprise, c&rsquo;est bien l&rsquo;Allemagne que l&rsquo;\u00e9quipe de France devra \u00e9carter de sa route, samedi \u00e0 Zadar en demi-finales, pour se hisser en finale de ce championnat d&rsquo;Europe par \u00e9quipes qui a tout de la promenade de sant\u00e9 pour les Bleus jusqu&rsquo;\u00e0 maintenant. Peu de temps apr\u00e8s que les Tricolores, emmen\u00e9s notamment par un Alexis Lebrun qui n&rsquo;a toujours pas perdu le moindre set depuis le d\u00e9but de cet Euro, ont continu\u00e9 leur r\u00e9cital en ne faisant qu&rsquo;une bouch\u00e9e de la Belgique au m\u00eame titre qu&rsquo;ils avaient pass\u00e9 \u00e0 la moulinette lors des tours pr\u00e9c\u00e9dents l&rsquo;Espagne, la Hongrie et la Slovaquie, tous balay\u00e9s sur le passage des immenses favoris de la comp\u00e9tition, l&rsquo;Allemagne a elle aussi poursuivi sa route et rejoint du m\u00eame coup les Fran\u00e7ais en demi-finales.<\/p>\n<p>Oppos\u00e9s \u00e0 la Croatie, pays h\u00f4te de ce championnat d&rsquo;Europe, les Allemands n&rsquo;ont pas fait aussi forte impression que les Bleus ni d\u00e9roul\u00e9 comme l&rsquo;avaient fait une nouvelle fois les fr\u00e8res Lebrun et Simon Gauzy face aux Belges. Ils n&rsquo;ont n\u00e9anmoins pas beaucoup (ni vraiment) souffert pour se d\u00e9faire des Croates, sur le score de 3-1.<\/p>\n<p><strong>Duda en patron\u00a0<\/strong><\/p>\n<p>Les champions d&rsquo;Europe 2021, qui avaient d\u00fb se contenter de la m\u00e9daille d&rsquo;argent uniquement en revanche lors de la derni\u00e8re \u00e9dition, en 2023, se sont fait une petite frayeur cependant. Apr\u00e8s la premi\u00e8re rencontre, c&rsquo;est en effet la Croatie qui menait 1-0 et avait pris les devants dans cette affiche qui avait tout de d\u00e9s\u00e9quilibr\u00e9e sur le papier, apr\u00e8s la victoire sans appel de Tomislav Pucar face \u00e0 Patric Franziska. Benedikt Duda (num\u00e9ro 5 europ\u00e9en), le leader de cette Mannschaft pr\u00e9sent\u00e9e comme l&rsquo;adversaire le plus dangereux pour la France avant le d\u00e9but de cet Euro, a tout de suite remis les pendules \u00e0 l&rsquo;heure, en pulv\u00e9risant lui aussi son adversaire : Andrej Gacina.<\/p>\n<p>Dang Qiu (8e), bourreau ensuite de Filip Zeljko, mais en perdant un set, puis Duda encore lui, face cette fois \u00e0 Pucar, et en laissant lui aussi filer une manche en route, se sont charg\u00e9s d&rsquo;\u00e9viter plus longtemps aux Allemands de douter. Ce France-Allemagne aura assur\u00e9ment tout d&rsquo;une finale avant l&rsquo;heure. Et pour la premi\u00e8re fois de la semaine, les Bleus peuvent s&rsquo;attendre \u00e0 conna\u00eetre des difficult\u00e9s.<\/p>\n","protected":false},"excerpt":{"rendered":"Aur\u00e9lien Canot, Media365, publi\u00e9 le vendredi 17 octobre 2025 \u00e0 19h05 L&rsquo;\u00e9quipe de France affrontera l&rsquo;Allemagne samedi apr\u00e8s-midi&hellip;\n","protected":false},"author":2,"featured_media":470458,"comment_status":"","ping_status":"","sticky":false,"template":"","format":"standard","meta":{"footnotes":""},"categories":[1587],"tags":[11,672,1804,1805,1803,1777,674,1801,12,1802],"class_list":{"0":"post-470457","1":"post","2":"type-post","3":"status-publish","4":"format-standard","5":"has-post-thumbnail","7":"category-allemagne","8":"tag-actualites","9":"tag-allemagne","10":"tag-bundesrepublik-deutschland","11":"tag-de","12":"tag-deutschland","13":"tag-eu","14":"tag-europe","15":"tag-germany","16":"tag-news","17":"tag-republique-federale-dallemagne"},"share_on_mastodon":{"url":"https:\/\/pubeurope.com\/@fr\/115390674716452750","error":""},"_links":{"self":[{"href":"https:\/\/www.europesays.com\/fr\/wp-json\/wp\/v2\/posts\/470457","targetHints":{"allow":["GET"]}}],"collection":[{"href":"https:\/\/www.europesays.com\/fr\/wp-json\/wp\/v2\/posts"}],"about":[{"href":"https:\/\/www.europesays.com\/fr\/wp-json\/wp\/v2\/types\/post"}],"author":[{"embeddable":true,"href":"https:\/\/www.europesays.com\/fr\/wp-json\/wp\/v2\/users\/2"}],"replies":[{"embeddable":true,"href":"https:\/\/www.europesays.com\/fr\/wp-json\/wp\/v2\/comments?post=470457"}],"version-history":[{"count":0,"href":"https:\/\/www.europesays.com\/fr\/wp-json\/wp\/v2\/posts\/470457\/revisions"}],"wp:featuredmedia":[{"embeddable":true,"href":"https:\/\/www.europesays.com\/fr\/wp-json\/wp\/v2\/media\/470458"}],"wp:attachment":[{"href":"https:\/\/www.europesays.com\/fr\/wp-json\/wp\/v2\/media?parent=470457"}],"wp:term":[{"taxonomy":"category","embeddable":true,"href":"https:\/\/www.europesays.com\/fr\/wp-json\/wp\/v2\/categories?post=470457"},{"taxonomy":"post_tag","embeddable":true,"href":"https:\/\/www.europesays.com\/fr\/wp-json\/wp\/v2\/tags?post=470457"}],"curies":[{"name":"wp","href":"https:\/\/api.w.org\/{rel}","templated":true}]}}