{"id":470469,"date":"2025-10-17T17:32:12","date_gmt":"2025-10-17T17:32:12","guid":{"rendered":"https:\/\/www.europesays.com\/fr\/470469\/"},"modified":"2025-10-17T17:32:12","modified_gmt":"2025-10-17T17:32:12","slug":"limage-du-club-est-entachee-les-militants-l214-veulent-se-mobiliser-avant-un-match-de-lusap","status":"publish","type":"post","link":"https:\/\/www.europesays.com\/fr\/470469\/","title":{"rendered":"\u00ab\u00a0L\u2019image du club est entach\u00e9e\u00a0\u00bb\u00a0: les militants L214 veulent se mobiliser avant un match de l\u2019USAP"},"content":{"rendered":"<p>\n                                                                Les militants de l\u2019association L214 comptent se mobiliser ce samedi 18\u00a0octobre devant\u00a0le stade Aim\u00e9-Giral, avant le match USAP-UBB. Ils d\u00e9noncent\u00a0les pratiques d\u2019\u00e9levage intensif de cochons de l\u2019enseigne E.Leclerc, sponsor du club catalan.\n                            <\/p>\n<p>L\u2019association L214 sera pr\u00e9sente devant le stade Aim\u00e9-Giral \u00e0 15 h ce samedi, en brandissant le slogan \u00ab\u00a0E.Leclerc, Grand Chelem des pires pratiques\u00a0\u00bb.<\/p>\n<p>En effet, les \u00e9levages fournisseurs des magasins E.Leclerc sont accus\u00e9s de \u00ab\u00a0plusieurs pratiques cruelles\u00a0\u00bb, notamment envers les cochons. L\u2019association souhaiterait alors leur demander de respecter le \u00ab\u00a0Pig Minimum Standards\u00a0\u00bb, un r\u00e9f\u00e9rentiel comprenant neuf crit\u00e8res li\u00e9s aux conditions d\u2019\u00e9levage et d\u2019abattage des cochons.<\/p>\n<p>Alors que cette enseigne de grande surface est partenaire de l\u2019USAP, les militants de L214 estiment que l\u2019image des joueurs du club de rugby est \u00ab\u00a0entach\u00e9e\u00a0\u00bb.<\/p>\n<p>Une p\u00e9tition, qui sera tendue par les activistes pendant la mobilisation, a d\u00e9j\u00e0 recueilli plus de 105 000 signatures.<\/p>\n","protected":false},"excerpt":{"rendered":"Les militants de l\u2019association L214 comptent se mobiliser ce samedi 18\u00a0octobre devant\u00a0le stade Aim\u00e9-Giral, avant le match USAP-UBB.&hellip;\n","protected":false},"author":2,"featured_media":470470,"comment_status":"","ping_status":"","sticky":false,"template":"","format":"standard","meta":{"footnotes":""},"categories":[1416],"tags":[1011,27,479,1468,60],"class_list":{"0":"post-470469","1":"post","2":"type-post","3":"status-publish","4":"format-standard","5":"has-post-thumbnail","7":"category-rugby","8":"tag-fr","9":"tag-france","10":"tag-rugby","11":"tag-rugby-football","12":"tag-sports"},"share_on_mastodon":{"url":"https:\/\/pubeurope.com\/@fr\/115390706101320302","error":""},"_links":{"self":[{"href":"https:\/\/www.europesays.com\/fr\/wp-json\/wp\/v2\/posts\/470469","targetHints":{"allow":["GET"]}}],"collection":[{"href":"https:\/\/www.europesays.com\/fr\/wp-json\/wp\/v2\/posts"}],"about":[{"href":"https:\/\/www.europesays.com\/fr\/wp-json\/wp\/v2\/types\/post"}],"author":[{"embeddable":true,"href":"https:\/\/www.europesays.com\/fr\/wp-json\/wp\/v2\/users\/2"}],"replies":[{"embeddable":true,"href":"https:\/\/www.europesays.com\/fr\/wp-json\/wp\/v2\/comments?post=470469"}],"version-history":[{"count":0,"href":"https:\/\/www.europesays.com\/fr\/wp-json\/wp\/v2\/posts\/470469\/revisions"}],"wp:featuredmedia":[{"embeddable":true,"href":"https:\/\/www.europesays.com\/fr\/wp-json\/wp\/v2\/media\/470470"}],"wp:attachment":[{"href":"https:\/\/www.europesays.com\/fr\/wp-json\/wp\/v2\/media?parent=470469"}],"wp:term":[{"taxonomy":"category","embeddable":true,"href":"https:\/\/www.europesays.com\/fr\/wp-json\/wp\/v2\/categories?post=470469"},{"taxonomy":"post_tag","embeddable":true,"href":"https:\/\/www.europesays.com\/fr\/wp-json\/wp\/v2\/tags?post=470469"}],"curies":[{"name":"wp","href":"https:\/\/api.w.org\/{rel}","templated":true}]}}