{"id":470473,"date":"2025-10-17T17:35:25","date_gmt":"2025-10-17T17:35:25","guid":{"rendered":"https:\/\/www.europesays.com\/fr\/470473\/"},"modified":"2025-10-17T17:35:25","modified_gmt":"2025-10-17T17:35:25","slug":"je-croyais-pouvoir-etre-dans-le-top-10","status":"publish","type":"post","link":"https:\/\/www.europesays.com\/fr\/470473\/","title":{"rendered":"\u00ab Je croyais pouvoir \u00eatre dans le Top 10 \u00bb"},"content":{"rendered":"<p>&#13;<\/p>\n<p><strong>Johann Zarco n\u2019a pas r\u00e9ussi \u00e0 accrocher directement la Q2 \u00e0 Phillip Island.\u00a0<\/strong><\/p>\n<p>Johann Zarco a conclu la premi\u00e8re journ\u00e9e \u00e0 Phillip Island au 15e\u00a0rang, \u00e0 moins de neuf dixi\u00e8mes seulement du meilleur temps, mais trop loin pour \u00e9viter les rep\u00eachages. \u00ab\u2009Depuis ce matin, j\u2019avais bien pris le rythme, mais on n\u2019a pas eu assez de marge d\u2019\u00e9volution, explique-t-il. M\u00eame sur l\u2019apr\u00e8s-midi, j\u2019ai fait un bon premier chrono, puis en essayant cette nouvelle moto, j\u2019ai du mal \u00e0 m\u2019adapter, il y a moins de confiance. C\u2019est dur de changer le plan comme \u00e7a au dernier moment.\u2009\u00bb<\/p>\n<p>Pris entre deux motos au caract\u00e8re diff\u00e9rent, Zarco cherche encore son \u00e9quilibre\u00a0: \u00ab\u2009Il y en a une qui peut me plaire, mais qui n\u2019a pas tous les avantages. L\u2019autre a plus d\u2019avantages, mais elle me donne moins confiance. Le temps de chercher \u00e7a, \u00e7a n\u2019aide pas \u00e0 aller chercher des extra chronos ou \u00e0 s\u2019accrocher pour gagner plusieurs dixi\u00e8mes. Donc je suis vraiment d\u00e9\u00e7u. Je croyais pouvoir \u00eatre dans le Top\u00a010, mais je l\u2019ai rat\u00e9. Pour l\u2019instant, il faut juste r\u00e9ussir \u00e0 rouler sans tomber, pour reprendre confiance.\u2009\u00bb<\/p>\n<p>Le Fran\u00e7ais pr\u00e9cise qu\u2019il devra attendra la Malaisie pour disposer des deux m\u00eames RC213V. \u00ab\u2009Pour l\u2019instant, je laisse faire un peu l\u2019\u00e9quipe, je donne mes commentaires, confie-t-il au sujet de sa strat\u00e9gie pour samedi. \u00c7a nous permet de toujours comprendre ce qu\u2019il se passe entre un moteur et un autre. Je fais plus un travail de d\u00e9veloppement et de sensations que de performance.\u2009\u00bb<\/p>\n<p>Concernant le nouveau moteur, Zarco voit du potentiel, mais reste prudent\u00a0: \u00ab\u2009Il est int\u00e9ressant, mais je pense que les r\u00e9glages qui m\u2019ont permis de faire la diff\u00e9rence pendant un an et demi sur la nouvelle moto me causent des probl\u00e8mes aujourd\u2019hui. Il faudrait progresser en r\u00e9glage, mais on n\u2019a pas le temps.\u2009\u00bb<\/p>\n<p>&#13;<br \/>\n           &#13;<br \/>\n&#13;<br \/>\n    &#13;<br \/>\n    &#13;<\/p>\n","protected":false},"excerpt":{"rendered":"&#13; Johann Zarco n\u2019a pas r\u00e9ussi \u00e0 accrocher directement la Q2 \u00e0 Phillip Island.\u00a0 Johann Zarco a conclu&hellip;\n","protected":false},"author":2,"featured_media":470474,"comment_status":"","ping_status":"","sticky":false,"template":"","format":"standard","meta":{"footnotes":""},"categories":[1413],"tags":[1011,27,1457,1456,60],"class_list":{"0":"post-470473","1":"post","2":"type-post","3":"status-publish","4":"format-standard","5":"has-post-thumbnail","7":"category-moto","8":"tag-fr","9":"tag-france","10":"tag-moto","11":"tag-motocycle","12":"tag-sports"},"share_on_mastodon":{"url":"https:\/\/pubeurope.com\/@fr\/115390717964623857","error":""},"_links":{"self":[{"href":"https:\/\/www.europesays.com\/fr\/wp-json\/wp\/v2\/posts\/470473","targetHints":{"allow":["GET"]}}],"collection":[{"href":"https:\/\/www.europesays.com\/fr\/wp-json\/wp\/v2\/posts"}],"about":[{"href":"https:\/\/www.europesays.com\/fr\/wp-json\/wp\/v2\/types\/post"}],"author":[{"embeddable":true,"href":"https:\/\/www.europesays.com\/fr\/wp-json\/wp\/v2\/users\/2"}],"replies":[{"embeddable":true,"href":"https:\/\/www.europesays.com\/fr\/wp-json\/wp\/v2\/comments?post=470473"}],"version-history":[{"count":0,"href":"https:\/\/www.europesays.com\/fr\/wp-json\/wp\/v2\/posts\/470473\/revisions"}],"wp:featuredmedia":[{"embeddable":true,"href":"https:\/\/www.europesays.com\/fr\/wp-json\/wp\/v2\/media\/470474"}],"wp:attachment":[{"href":"https:\/\/www.europesays.com\/fr\/wp-json\/wp\/v2\/media?parent=470473"}],"wp:term":[{"taxonomy":"category","embeddable":true,"href":"https:\/\/www.europesays.com\/fr\/wp-json\/wp\/v2\/categories?post=470473"},{"taxonomy":"post_tag","embeddable":true,"href":"https:\/\/www.europesays.com\/fr\/wp-json\/wp\/v2\/tags?post=470473"}],"curies":[{"name":"wp","href":"https:\/\/api.w.org\/{rel}","templated":true}]}}