{"id":470479,"date":"2025-10-17T17:38:10","date_gmt":"2025-10-17T17:38:10","guid":{"rendered":"https:\/\/www.europesays.com\/fr\/470479\/"},"modified":"2025-10-17T17:38:10","modified_gmt":"2025-10-17T17:38:10","slug":"lamine-yamal-psg-de-la-merde-la-reponse-cash-a-barcelone","status":"publish","type":"post","link":"https:\/\/www.europesays.com\/fr\/470479\/","title":{"rendered":"Lamine Yamal &#8211; PSG : \u00abDe la merde\u00bb, la r\u00e9ponse cash \u00e0 Barcelone !"},"content":{"rendered":"<p>                    Thibault Morlain<br \/>\n                        &#8211;<\/p>\n<p>Journaliste<\/p>\n<p>Apr\u00e8s s\u2019\u00eatre essay\u00e9 \u00e0 diff\u00e9rents sports, Thibault se tourne vers une carri\u00e8re de footballeur amateur. Au moment de faire un choix entre devenir footballeur professionnel et journaliste, les qualit\u00e9s ont fait pencher la balance d\u2019un c\u00f4t\u00e9. Le voil\u00e0 d\u00e9sormais au sein de la r\u00e9daction du 10 Sport, apr\u00e8s un dipl\u00f4me obtenu \u00e0 l\u2019Institut International de Communication de Paris.<\/p>\n<p class=\"heading\">Ces derni\u00e8res heures, la presse espagnole a rapport\u00e9 une pol\u00e9mique impliquant Lamine Yamal en marge du match de Ligue des Champions entre le FC Barcelone et le PSG. Forc\u00e9ment, \u00e0 l&rsquo;occasion de son passage en conf\u00e9rence de presse ce vendredi, Hansi Flick n&rsquo;a pas manqu\u00e9 de r\u00e9pondre \u00e0 cette histoire. Et l&rsquo;entra\u00eeneur du Bar\u00e7a a \u00e9t\u00e9 tr\u00e8s clair.\n<\/p>\n<p>Titulaire face au <strong>PSG <\/strong>le 1er octobre dernier en Ligue des Champions, <a href=\"https:\/\/le10sport.com\/football\/espagne\/barcelone\/lamine-yamal-dit-stop-la-surprenante-decision-radicale-761625\" rel=\"nofollow noopener\" target=\"_blank\">Lamine Yamal<\/a> n&rsquo;aurait pas d\u00fb \u00eatre sur la pelouse au coup d&rsquo;envoi. C&rsquo;est en effet ce qu&rsquo;a r\u00e9v\u00e9l\u00e9 la presse espagnole. En effet, il a \u00e9t\u00e9 annonc\u00e9 qu&rsquo;en raison d&rsquo;un retard, le crack du <strong>FC Barcelone<\/strong> devait \u00eatre sanctionn\u00e9 par <strong>Hansi Flick<\/strong>. \u00c7a aurait \u00e9t\u00e9 sans compter sans l&rsquo;intervention de <strong>Deco<\/strong>, qui aurait alors permis \u00e0 <strong>Yamal <\/strong>d&rsquo;\u00e9viter cette punition. Et voil\u00e0 que ce traitement de faveur en ferait grincer des dents plus d&rsquo;un chez les Blaugrana. <\/p>\n<p>                                            \u00ab J&rsquo;aimerais savoir d&rsquo;o\u00f9 vient cette rumeur \u00bb<\/p>\n<p>Toute cette histoire avec<strong> Lamine Yamal<\/strong> est-elle pour autant vraie ? Selon <strong>Hansi Flick<\/strong>, la r\u00e9ponse est non. En effet, devant les journalistes, l&rsquo;entra\u00eeneur du <strong>FC Barcelone<\/strong> a fait savoir : \u00ab J&rsquo;aimerais savoir d&rsquo;o\u00f9 vient cette rumeur. C&rsquo;est de la merde. D\u00e9sol\u00e9 d&rsquo;avoir dit \u00e7a, mais c&rsquo;est comme \u00e7a \u00bb. <\/p>\n<p>                                            \u00ab Si quelqu&rsquo;un le dit, il ment \u00bb<\/p>\n<p>\u00ab J&rsquo;ai une tr\u00e8s bonne relation avec Deco. Nous avons la confiance n\u00e9cessaire et il n&rsquo;a jamais demand\u00e9 quelque chose comme \u00e7a. C&rsquo;est n&rsquo;importe quoi. Si quelqu&rsquo;un le dit, il ment \u00bb, a ensuite assur\u00e9 <strong>Hansi Flick<\/strong>. <\/p>\n","protected":false},"excerpt":{"rendered":"Thibault Morlain &#8211; Journaliste Apr\u00e8s s\u2019\u00eatre essay\u00e9 \u00e0 diff\u00e9rents sports, Thibault se tourne vers une carri\u00e8re de footballeur&hellip;\n","protected":false},"author":2,"featured_media":470480,"comment_status":"","ping_status":"","sticky":false,"template":"","format":"standard","meta":{"footnotes":""},"categories":[1410],"tags":[63,1011,27,60],"class_list":{"0":"post-470479","1":"post","2":"type-post","3":"status-publish","4":"format-standard","5":"has-post-thumbnail","7":"category-football","8":"tag-football","9":"tag-fr","10":"tag-france","11":"tag-sports"},"share_on_mastodon":{"url":"https:\/\/pubeurope.com\/@fr\/115390729720421543","error":""},"_links":{"self":[{"href":"https:\/\/www.europesays.com\/fr\/wp-json\/wp\/v2\/posts\/470479","targetHints":{"allow":["GET"]}}],"collection":[{"href":"https:\/\/www.europesays.com\/fr\/wp-json\/wp\/v2\/posts"}],"about":[{"href":"https:\/\/www.europesays.com\/fr\/wp-json\/wp\/v2\/types\/post"}],"author":[{"embeddable":true,"href":"https:\/\/www.europesays.com\/fr\/wp-json\/wp\/v2\/users\/2"}],"replies":[{"embeddable":true,"href":"https:\/\/www.europesays.com\/fr\/wp-json\/wp\/v2\/comments?post=470479"}],"version-history":[{"count":0,"href":"https:\/\/www.europesays.com\/fr\/wp-json\/wp\/v2\/posts\/470479\/revisions"}],"wp:featuredmedia":[{"embeddable":true,"href":"https:\/\/www.europesays.com\/fr\/wp-json\/wp\/v2\/media\/470480"}],"wp:attachment":[{"href":"https:\/\/www.europesays.com\/fr\/wp-json\/wp\/v2\/media?parent=470479"}],"wp:term":[{"taxonomy":"category","embeddable":true,"href":"https:\/\/www.europesays.com\/fr\/wp-json\/wp\/v2\/categories?post=470479"},{"taxonomy":"post_tag","embeddable":true,"href":"https:\/\/www.europesays.com\/fr\/wp-json\/wp\/v2\/tags?post=470479"}],"curies":[{"name":"wp","href":"https:\/\/api.w.org\/{rel}","templated":true}]}}