{"id":470485,"date":"2025-10-17T17:41:11","date_gmt":"2025-10-17T17:41:11","guid":{"rendered":"https:\/\/www.europesays.com\/fr\/470485\/"},"modified":"2025-10-17T17:41:11","modified_gmt":"2025-10-17T17:41:11","slug":"la-premiere-edition-du-salon-du-livre-de-montlouis-sur-loire-en-appelle-une-deuxieme","status":"publish","type":"post","link":"https:\/\/www.europesays.com\/fr\/470485\/","title":{"rendered":"la premi\u00e8re \u00e9dition du salon du livre de Montlouis-sur-Loire en appelle une deuxi\u00e8me"},"content":{"rendered":"<p>Le premier salon du livre a accueilli plus de 300 visiteurs, r\u00e9unis pendant le week-end des 11 et 12\u00a0octobre 2025 salle festive du Saule-Michaud. Tous sont venus voir les auteurs, pr\u00e9sents \u00e0 cette premi\u00e8re \u00e9dition du salon du livre \u00c9crits, Vins en Loire en partenariat avec la Maison Laudacius et affirment avoir v\u00e9cu un v\u00e9ritable moment de partage. La mobilisation chez les auteurs \u00e9tait \u00e9ga&#8230; <\/p>\n<p>    Cet article a \u00e9t\u00e9 tronqu\u00e9. Abonnez-vous pour lire l&rsquo;article complet sur notre site.<\/p>\n<p style=\"margin: 0 !important; padding: 0 !important; font-size: 12px !important;\">Cet article a \u00e9t\u00e9 tronqu\u00e9. Abonnez-vous pour lire l&rsquo;article complet.<\/p>\n<p>    <a href=\"https:\/\/www.lanouvellerepublique.fr\/abonnements\" style=\"display: inline-block; margin-top: 5px !important; padding: 6px 12px !important; background: #cb1c27; color: white; text-decoration: none; border-radius: 4px; font-size: 12px !important;\" target=\"_blank\" rel=\"noopener\"><br \/>\n      S&rsquo;abonner<br \/>\n    <\/a><\/p>\n","protected":false},"excerpt":{"rendered":"Le premier salon du livre a accueilli plus de 300 visiteurs, r\u00e9unis pendant le week-end des 11 et&hellip;\n","protected":false},"author":2,"featured_media":470486,"comment_status":"","ping_status":"","sticky":false,"template":"","format":"standard","meta":{"footnotes":""},"categories":[1357],"tags":[1379,1674,58,59,1011,27,1380,1393,21131,973],"class_list":{"0":"post-470485","1":"post","2":"type-post","3":"status-publish","4":"format-standard","5":"has-post-thumbnail","7":"category-livres","8":"tag-books","9":"tag-communes","10":"tag-divertissement","11":"tag-entertainment","12":"tag-fr","13":"tag-france","14":"tag-livres","15":"tag-loisirs","16":"tag-montlouis-sur-loire","17":"tag-people"},"share_on_mastodon":{"url":"https:\/\/pubeurope.com\/@fr\/115390741618910129","error":""},"_links":{"self":[{"href":"https:\/\/www.europesays.com\/fr\/wp-json\/wp\/v2\/posts\/470485","targetHints":{"allow":["GET"]}}],"collection":[{"href":"https:\/\/www.europesays.com\/fr\/wp-json\/wp\/v2\/posts"}],"about":[{"href":"https:\/\/www.europesays.com\/fr\/wp-json\/wp\/v2\/types\/post"}],"author":[{"embeddable":true,"href":"https:\/\/www.europesays.com\/fr\/wp-json\/wp\/v2\/users\/2"}],"replies":[{"embeddable":true,"href":"https:\/\/www.europesays.com\/fr\/wp-json\/wp\/v2\/comments?post=470485"}],"version-history":[{"count":0,"href":"https:\/\/www.europesays.com\/fr\/wp-json\/wp\/v2\/posts\/470485\/revisions"}],"wp:featuredmedia":[{"embeddable":true,"href":"https:\/\/www.europesays.com\/fr\/wp-json\/wp\/v2\/media\/470486"}],"wp:attachment":[{"href":"https:\/\/www.europesays.com\/fr\/wp-json\/wp\/v2\/media?parent=470485"}],"wp:term":[{"taxonomy":"category","embeddable":true,"href":"https:\/\/www.europesays.com\/fr\/wp-json\/wp\/v2\/categories?post=470485"},{"taxonomy":"post_tag","embeddable":true,"href":"https:\/\/www.europesays.com\/fr\/wp-json\/wp\/v2\/tags?post=470485"}],"curies":[{"name":"wp","href":"https:\/\/api.w.org\/{rel}","templated":true}]}}