{"id":470493,"date":"2025-10-17T17:45:15","date_gmt":"2025-10-17T17:45:15","guid":{"rendered":"https:\/\/www.europesays.com\/fr\/470493\/"},"modified":"2025-10-17T17:45:15","modified_gmt":"2025-10-17T17:45:15","slug":"ces-deux-profils-genetiques-tres-differents-qui-influent-sur-lage-du-diagnostic","status":"publish","type":"post","link":"https:\/\/www.europesays.com\/fr\/470493\/","title":{"rendered":"ces deux profils g\u00e9n\u00e9tiques tr\u00e8s diff\u00e9rents qui influent sur l\u2019\u00e2ge du diagnostic"},"content":{"rendered":"<p>    Derri\u00e8re des sympt\u00f4mes qui peuvent sembler similaires se cache en r\u00e9alit\u00e9 uen grande vari\u00e9t\u00e9 de formes diff\u00e9rentes d\u2019autismes.<br \/>\n                DimaBerlin \/ stock.adobe.com<\/p>\n<p>\n    Une vaste \u00e9tude europ\u00e9enne a mis en lumi\u00e8re des trajectoires d\u00e9veloppementales tr\u00e8s diff\u00e9rentes suivant le patrimoine g\u00e9n\u00e9tique de patients autistes.<\/p>\n<p class=\"fig-paragraph\">Difficult\u00e9s d\u2019interaction sociale, communication atypique, int\u00e9r\u00eats restreints, particularit\u00e9s sensorielles\u2026 Ces traits sont communs \u00e0 toutes les personnes autistes. Et pourtant, derri\u00e8re la similarit\u00e9 des sympt\u00f4mes se cache une grande diversit\u00e9. C\u2019est ce que vient de rappeler une \u00e9tude europ\u00e9enne men\u00e9e dans le cadre du projet R2D2-MH (Risk, Resilience and Developmental Diversity in Mental Health),\u00a0<a href=\"https:\/\/www.nature.com\/articles\/s41586-025-09542-6\" target=\"_blank\" rel=\"sponsored noopener nofollow\" data-gtm-custom-categorie=\"navigation\" data-gtm-custom-action=\"crossclick\" data-gtm-custom-label=\"Contextuel\" data-gtm-event=\"customEventSPE\">publi\u00e9e r\u00e9cemment dans la revue Nature<\/a> . \u00ab Elle montre notamment que l\u2019\u00e2ge du diagnostic de l\u2019autisme est en partie h\u00e9ritable\u00a0\u00bb, explique le Pr Thomas Bourgeron, chercheur \u00e0 l\u2019Institut Pasteur et l\u2019un des auteurs de l\u2019\u00e9tude men\u00e9e par Varun Warrier de l\u2019universit\u00e9 de Cambridge. \u00ab Autrement dit, les profils g\u00e9n\u00e9tiques des personnes diagnostiqu\u00e9es tr\u00e8s t\u00f4t ne sont pas tout \u00e0 fait les m\u00eames que ceux des personnes diagnostiqu\u00e9es plus tard, apr\u00e8s l\u2019\u00e2ge de 9 ans.\u00a0\u00bb<\/p>\n<p class=\"fig-paragraph\">Apr\u00e8s comparaison des patrimoines g\u00e9n\u00e9tiques de milliers de patients autistes, \u00e0 travers des cohortes ind\u00e9pendantes au Danemark\u2026<\/p>\n<p class=\"fig-premium-paywall__infos\">\n        Cet article est r\u00e9serv\u00e9 aux abonn\u00e9s.        Il vous reste 79% \u00e0 d\u00e9couvrir.\n    <\/p>\n<p>                <img  data- alt=\"Le Figaro\" class=\"fig-img--complete fig-img\"\/><\/p>\n<p class=\"fig-premium-paywall__title\">Vous avez envie de lire la suite ?<\/p>\n<p class=\"fig-premium-paywall__subtitle\">D\u00e9bloquez tous les articles imm\u00e9diatement.<\/p>\n<p class=\"fig-premium-paywall__connect\">\n                D\u00e9j\u00e0 abonn\u00e9\u00a0?                <a class=\"fig-premium-paywall__connect-link\" href=\"https:\/\/connect.lefigaro.fr\/login?client=sante_web&amp;type=main&amp;redirect_uri=https%3A%2F%2Fsante.lefigaro.fr%2Fmedecine%2Fautisme-ces-deux-profils-genetiques-tres-differents-qui-influent-sur-l-age-du-diagnostic-20251017\" data-js-gtm=\"{&quot;customCategorie&quot;: &quot;conversion&quot;, &quot;customAction&quot;: &quot;before_Landing_Connexion_paywall_auto&quot;, &quot;customLabel&quot;: &quot;c2FudGUubGVmaWdhcm8uZnJfXzFmMGE4MzIxLTNlZjEtNmYyMC05MGUzLWMzMGQ4NDNhYTM1M19fQXJ0aWNsZQ==_Autisme\u00a0: ces deux profils g\u00e9n\u00e9tiques tr\u00e8s diff\u00e9rents qui influent sur l\u2019\u00e2ge du diagnostic_126&quot;, &quot;customIDSPE&quot;: &quot;c2FudGUubGVmaWdhcm8uZnJfXzFmMGE4MzIxLTNlZjEtNmYyMC05MGUzLWMzMGQ4NDNhYTM1M19fQXJ0aWNsZQ==&quot;, &quot;event&quot;: &quot;customEventSPE&quot;}\" rel=\"nofollow noopener\" target=\"_blank\"><br \/>\n                    Connectez-vous<br \/>\n                <\/a>\n            <\/p>\n","protected":false},"excerpt":{"rendered":"Derri\u00e8re des sympt\u00f4mes qui peuvent sembler similaires se cache en r\u00e9alit\u00e9 uen grande vari\u00e9t\u00e9 de formes diff\u00e9rentes d\u2019autismes.&hellip;\n","protected":false},"author":2,"featured_media":470494,"comment_status":"","ping_status":"","sticky":false,"template":"","format":"standard","meta":{"footnotes":""},"categories":[10],"tags":[8187,1011,27,72,71],"class_list":{"0":"post-470493","1":"post","2":"type-post","3":"status-publish","4":"format-standard","5":"has-post-thumbnail","7":"category-sante","8":"tag-autisme","9":"tag-fr","10":"tag-france","11":"tag-health","12":"tag-sante"},"share_on_mastodon":{"url":"https:\/\/pubeurope.com\/@fr\/115390757257557600","error":""},"_links":{"self":[{"href":"https:\/\/www.europesays.com\/fr\/wp-json\/wp\/v2\/posts\/470493","targetHints":{"allow":["GET"]}}],"collection":[{"href":"https:\/\/www.europesays.com\/fr\/wp-json\/wp\/v2\/posts"}],"about":[{"href":"https:\/\/www.europesays.com\/fr\/wp-json\/wp\/v2\/types\/post"}],"author":[{"embeddable":true,"href":"https:\/\/www.europesays.com\/fr\/wp-json\/wp\/v2\/users\/2"}],"replies":[{"embeddable":true,"href":"https:\/\/www.europesays.com\/fr\/wp-json\/wp\/v2\/comments?post=470493"}],"version-history":[{"count":0,"href":"https:\/\/www.europesays.com\/fr\/wp-json\/wp\/v2\/posts\/470493\/revisions"}],"wp:featuredmedia":[{"embeddable":true,"href":"https:\/\/www.europesays.com\/fr\/wp-json\/wp\/v2\/media\/470494"}],"wp:attachment":[{"href":"https:\/\/www.europesays.com\/fr\/wp-json\/wp\/v2\/media?parent=470493"}],"wp:term":[{"taxonomy":"category","embeddable":true,"href":"https:\/\/www.europesays.com\/fr\/wp-json\/wp\/v2\/categories?post=470493"},{"taxonomy":"post_tag","embeddable":true,"href":"https:\/\/www.europesays.com\/fr\/wp-json\/wp\/v2\/tags?post=470493"}],"curies":[{"name":"wp","href":"https:\/\/api.w.org\/{rel}","templated":true}]}}