{"id":470500,"date":"2025-10-17T17:49:15","date_gmt":"2025-10-17T17:49:15","guid":{"rendered":"https:\/\/www.europesays.com\/fr\/470500\/"},"modified":"2025-10-17T17:49:15","modified_gmt":"2025-10-17T17:49:15","slug":"vincent-jeanbrun-remet-en-route-le-chantier-du-statut-du-bailleur-prive","status":"publish","type":"post","link":"https:\/\/www.europesays.com\/fr\/470500\/","title":{"rendered":"Vincent Jeanbrun remet en route le chantier du statut du bailleur priv\u00e9"},"content":{"rendered":"<p>\u00ab\u00a0Ce dispositif, tant attendu par le secteur du logement, va redonner confiance aux investisseurs individuels, offrir le moyen de se loger aux locataires et un souffle nouveau \u00e0 l&rsquo;\u00e9conomie. C&rsquo;est un levier gagnant pour tous\u00a0: gagnant pour le propri\u00e9taire, gagnant pour le locataire, gagnant pour l&rsquo;\u00e9conomie et gagnant pour l&rsquo;environnement\u00a0\u00bb. <\/p>\n<p class=\"para r3\">\u00a0<\/p>\n<p>\u00c0 l&rsquo;occasion d&rsquo;un d\u00e9placement en Seine-et-Marne, le 17 octobre 2025, Vincent Jeanbrun, ministre de la Ville et du Logement, a annonc\u00e9 qu&rsquo;il pr\u00e9senterait un amendement au projet de loi de finances 2026 pour cr\u00e9er le statut du bailleur priv\u00e9, tant attendu par les professionnels du secteur de l&rsquo;immobilier et du logement, en particulier la construction neuve.   <\/p>\n<p>Il vous reste 77% \u00e0 d\u00e9couvrir.<\/p>\n","protected":false},"excerpt":{"rendered":"\u00ab\u00a0Ce dispositif, tant attendu par le secteur du logement, va redonner confiance aux investisseurs individuels, offrir le moyen&hellip;\n","protected":false},"author":2,"featured_media":470501,"comment_status":"","ping_status":"","sticky":false,"template":"","format":"standard","meta":{"footnotes":""},"categories":[6],"tags":[35,33,34,1011,27],"class_list":{"0":"post-470500","1":"post","2":"type-post","3":"status-publish","4":"format-standard","5":"has-post-thumbnail","7":"category-economie","8":"tag-business","9":"tag-economie","10":"tag-economy","11":"tag-fr","12":"tag-france"},"share_on_mastodon":{"url":"https:\/\/pubeurope.com\/@fr\/115390773078972321","error":""},"_links":{"self":[{"href":"https:\/\/www.europesays.com\/fr\/wp-json\/wp\/v2\/posts\/470500","targetHints":{"allow":["GET"]}}],"collection":[{"href":"https:\/\/www.europesays.com\/fr\/wp-json\/wp\/v2\/posts"}],"about":[{"href":"https:\/\/www.europesays.com\/fr\/wp-json\/wp\/v2\/types\/post"}],"author":[{"embeddable":true,"href":"https:\/\/www.europesays.com\/fr\/wp-json\/wp\/v2\/users\/2"}],"replies":[{"embeddable":true,"href":"https:\/\/www.europesays.com\/fr\/wp-json\/wp\/v2\/comments?post=470500"}],"version-history":[{"count":0,"href":"https:\/\/www.europesays.com\/fr\/wp-json\/wp\/v2\/posts\/470500\/revisions"}],"wp:featuredmedia":[{"embeddable":true,"href":"https:\/\/www.europesays.com\/fr\/wp-json\/wp\/v2\/media\/470501"}],"wp:attachment":[{"href":"https:\/\/www.europesays.com\/fr\/wp-json\/wp\/v2\/media?parent=470500"}],"wp:term":[{"taxonomy":"category","embeddable":true,"href":"https:\/\/www.europesays.com\/fr\/wp-json\/wp\/v2\/categories?post=470500"},{"taxonomy":"post_tag","embeddable":true,"href":"https:\/\/www.europesays.com\/fr\/wp-json\/wp\/v2\/tags?post=470500"}],"curies":[{"name":"wp","href":"https:\/\/api.w.org\/{rel}","templated":true}]}}