{"id":470504,"date":"2025-10-17T17:51:16","date_gmt":"2025-10-17T17:51:16","guid":{"rendered":"https:\/\/www.europesays.com\/fr\/470504\/"},"modified":"2025-10-17T17:51:16","modified_gmt":"2025-10-17T17:51:16","slug":"la-bourde-de-louis-sarkozy-pour-linauguration-de-son-local-de-campagne","status":"publish","type":"post","link":"https:\/\/www.europesays.com\/fr\/470504\/","title":{"rendered":"la bourde de Louis Sarkozy pour l\u2019inauguration de son local de campagne"},"content":{"rendered":"<p>        <img decoding=\"async\" loading=\"lazy\" src=\"https:\/\/www.europesays.com\/fr\/wp-content\/uploads\/2025\/10\/ec4af31_upload-1-6rg7y1cdjgnl-afp-20250515-hl-amartinez-2767699-v1-highres-francementonbooklouissark.jpeg\"  width=\"728\" height=\"409\" alt=\"Louis Sarkozy \u00e0 Menton en mai 2025.\"\/>  <\/p>\n<p>ALEJANDRO MARTINEZ GONZALEZ \/ Hans Lucas via AFP<\/p>\n<p>Louis Sarkozy \u00e0 Menton en mai 2025.<\/p>\n<p class=\"asset asset-text\">POLITIQUE &#8211; Il a beau \u00eatre titulaire de prestigieux dipl\u00f4mes obtenus aux quatre coins du monde, <a href=\"https:\/\/www.huffingtonpost.fr\/politique\/article\/cette-video-de-louis-sarkozy-sur-la-masculinite-qui-refait-surface-est-digne-d-oss-117_254686.html\" target=\"_blank\" rel=\"noopener\">Louis Sarkozy<\/a> ne ma\u00eetrise visiblement pas le Code \u00e9lectoral fran\u00e7ais. Le 11\u00a0octobre, le fils de l\u2019ex-pr\u00e9sident inaugurait fi\u00e8rement <a href=\"https:\/\/www.huffingtonpost.fr\/politique\/article\/louis-sarkozy-officialise-son-entree-en-politique-et-sa-candidature-pour-les-municipales-a-menton_254587.html\" target=\"_blank\" rel=\"noopener\">son local de campagne \u00e0 Menton<\/a> (Alpes-Maritimes), o\u00f9 il compte se faire \u00e9lire maire en mars prochain.<\/p>\n<p class=\"asset asset-text\">Puisqu\u2019il ne fait pas les choses \u00e0 moiti\u00e9, Louis Sarkozy a install\u00e9 une grande photo de lui sur la vitrine de son local, id\u00e9alement situ\u00e9 face \u00e0 la mairie. Sauf que cette d\u00e9cision contrevient \u00e0 l\u2019article 51\u00a0du Code \u00e9lectoral, comme l\u2019a fait remarquer sa concurrente du <a href=\"https:\/\/www.huffingtonpost.fr\/rassemblement-national\/\" target=\"_blank\" rel=\"noopener\">Rassemblement national<\/a> Alexandra Masson, qui a signal\u00e9 la photo comme \u00e9tant irr\u00e9guli\u00e8re aupr\u00e8s de la pr\u00e9fecture des Alpes-Maritimes.<\/p>\n<p class=\"asset asset-text\">Selon la loi, \u00ab\u00a0pendant les six mois pr\u00e9c\u00e9dant le premier jour du mois d\u2019une \u00e9lection\u00a0\u00bb, l\u2019affichage \u00e9lectoral ne peut se faire que sur les panneaux officiels ou sur les panneaux d\u2019expression libre. Or il s\u2019agit, en l\u2019esp\u00e8ce, d\u2019un local priv\u00e9. \u00ab\u00a0En cas d\u2019affichage \u00e9lectoral appos\u00e9 en dehors des emplacements pr\u00e9vus au pr\u00e9sent article, le maire ou, \u00e0 d\u00e9faut, le pr\u00e9fet peut, apr\u00e8s une mise en demeure du ou des candidats en cause, proc\u00e9der \u00e0 la d\u00e9pose d\u2019office des affiches\u00a0\u00bb, stipule aussi le Code \u00e9lectoral.<\/p>\n<p class=\"asset asset-text\">Les \u00e9lections municipales \u00e9tant pr\u00e9vues les 15 et 22 mars, le d\u00e9lai des six mois fix\u00e9 par la loi a commenc\u00e9 en septembre, soit plus d\u2019un mois avant que le candidat n\u2019installe sa photo. \u00ab\u00a0La photographie d\u2019un candidat, un slogan, tout comme une vitrophanie de grande taille, font partie des crit\u00e8res permettant de relever le caract\u00e8re irr\u00e9gulier d\u2019un affichage \u00e9lectoral appos\u00e9 sur une permanence \u00e9lectorale\u00a0\u00bb, a confirm\u00e9 la pr\u00e9fecture des Alpes-Maritimes aupr\u00e8s de\u00a0<a href=\"https:\/\/www.nicematin.com\/societe\/politique\/municipales-2026\/les-visuels-de-la-permanence-de-louis-sarkozy-a-menton-creent-la-polemique-10652679\" target=\"_blank\" rel=\"noopener\" title=\"Nouvelle fen\u00eatre\">Nice-Matin<\/a>.<\/p>\n<p>                     Son entourage \u00ab\u00a0surpris par la pol\u00e9mique\u00a0\u00bb    <\/p>\n<p class=\"asset asset-text\">Dans l\u2019entourage de Louis Sarkozy, 28 ans, qui s\u2019est install\u00e9\u00a0\u00e0 Menton cet \u00e9t\u00e9 dans l\u2019espoir d\u2019y d\u00e9crocher la mairie, on assure que le portrait n\u2019avait \u00e9t\u00e9 appos\u00e9 que temporairement, \u00ab\u00a0pour servir de fond de sc\u00e8ne pour l\u2019inauguration\u00a0\u00bb de la permanence. \u00ab\u00a0La version d\u00e9finitive, plus qualitative\u00a0\u00bb sera bient\u00f4t pos\u00e9e, promettent-ils. Ses proches se disent\u00a0\u00ab\u00a0surpris par l\u2019ampleur que prend cette pol\u00e9mique\u00a0\u00bb.\u00a0\u00ab\u00a0Les Mentonnais se fichent de ce type de querelle et attendent qu\u2019on parle de fond pendant cette campagne\u00a0\u00bb, confie l\u2019un d\u2019eux au <a href=\"https:\/\/www.lefigaro.fr\/nice\/municipales-2026-a-menton-signale-par-le-rn-le-visuel-de-louis-sarkozy-sur-sa-permanence-finalement-retire-20251016\" target=\"_blank\" rel=\"noopener\" title=\"Nouvelle fen\u00eatre\">Figaro<\/a>.<\/p>\n<p class=\"asset asset-text\">Forc\u00e9ment, dans l\u2019opposition, on se gausse de cette vraie-fausse bourde. \u00ab\u00a0Il n\u2019aura fallu qu\u2019une semaine \u00e0 Louis Sarkozy pour enfreindre la loi et transformer sa permanence en panneau de propagande g\u00e9ant\u00a0\u00bb, attaquent les militants RN de Menton sur leur page Facebook.<a href=\"https:\/\/www.huffingtonpost.fr\/justice\/article\/nicolas-sarkozy-en-prison-on-sait-ou-et-quand-sera-incarcere-l-ancien-president-condamne-a-5-ans-ferme_255940.html\" target=\"_blank\" rel=\"noopener\"> Le fils de Nicolas Sarkozy<\/a> a des chances de s\u2019installer dans le fauteuil de maire de Menton, la commune \u00e9tant historiquement marqu\u00e9e \u00e0 droite. Sauf \u00e0 penser que l\u2019extr\u00eame droite peut y r\u00e9aliser une perc\u00e9e.<\/p>\n","protected":false},"excerpt":{"rendered":"ALEJANDRO MARTINEZ GONZALEZ \/ Hans Lucas via AFP Louis Sarkozy \u00e0 Menton en mai 2025. POLITIQUE &#8211; Il&hellip;\n","protected":false},"author":2,"featured_media":470505,"comment_status":"","ping_status":"","sticky":false,"template":"","format":"standard","meta":{"footnotes":""},"categories":[4],"tags":[11,2898,1011,27,17927,3434,12,316,25],"class_list":{"0":"post-470504","1":"post","2":"type-post","3":"status-publish","4":"format-standard","5":"has-post-thumbnail","7":"category-france","8":"tag-actualites","9":"tag-alpes-maritimes","10":"tag-fr","11":"tag-france","12":"tag-louis-sarkozy","13":"tag-municipales-2026","14":"tag-news","15":"tag-politique","16":"tag-republique-francaise"},"share_on_mastodon":{"url":"https:\/\/pubeurope.com\/@fr\/115390781453240153","error":""},"_links":{"self":[{"href":"https:\/\/www.europesays.com\/fr\/wp-json\/wp\/v2\/posts\/470504","targetHints":{"allow":["GET"]}}],"collection":[{"href":"https:\/\/www.europesays.com\/fr\/wp-json\/wp\/v2\/posts"}],"about":[{"href":"https:\/\/www.europesays.com\/fr\/wp-json\/wp\/v2\/types\/post"}],"author":[{"embeddable":true,"href":"https:\/\/www.europesays.com\/fr\/wp-json\/wp\/v2\/users\/2"}],"replies":[{"embeddable":true,"href":"https:\/\/www.europesays.com\/fr\/wp-json\/wp\/v2\/comments?post=470504"}],"version-history":[{"count":0,"href":"https:\/\/www.europesays.com\/fr\/wp-json\/wp\/v2\/posts\/470504\/revisions"}],"wp:featuredmedia":[{"embeddable":true,"href":"https:\/\/www.europesays.com\/fr\/wp-json\/wp\/v2\/media\/470505"}],"wp:attachment":[{"href":"https:\/\/www.europesays.com\/fr\/wp-json\/wp\/v2\/media?parent=470504"}],"wp:term":[{"taxonomy":"category","embeddable":true,"href":"https:\/\/www.europesays.com\/fr\/wp-json\/wp\/v2\/categories?post=470504"},{"taxonomy":"post_tag","embeddable":true,"href":"https:\/\/www.europesays.com\/fr\/wp-json\/wp\/v2\/tags?post=470504"}],"curies":[{"name":"wp","href":"https:\/\/api.w.org\/{rel}","templated":true}]}}