{"id":470507,"date":"2025-10-17T17:53:34","date_gmt":"2025-10-17T17:53:34","guid":{"rendered":"https:\/\/www.europesays.com\/fr\/470507\/"},"modified":"2025-10-17T17:53:34","modified_gmt":"2025-10-17T17:53:34","slug":"loption-aeronautique-attire-aussi-les-collegiennes","status":"publish","type":"post","link":"https:\/\/www.europesays.com\/fr\/470507\/","title":{"rendered":"l\u2019option a\u00e9ronautique attire aussi les coll\u00e9giennes"},"content":{"rendered":"<p>\u00ab\u00a0C\u2019est la 7e promotion de l\u2019option a\u00e9ronautique\u00a0! \u00a0\u00bb, se r\u00e9jouit Yazid Chekaroua, professeur de math\u00e9matiques au coll\u00e8ge Louis Gr\u00fcner et formateur a\u00e9ronautique qui a lanc\u00e9 cette option en 2020, \u00e0 destination des \u00e9l\u00e8ves de troisi\u00e8me.<\/p>\n<p>C\u2019est dire combien cette option, men\u00e9e en partenariat avec l\u2019a\u00e9roclub des Ailes For\u00e9ziennes par l\u2019interm\u00e9diaire de Pierre Dosso, responsable de la formation BIA (Brevet d\u2019Initiation a\u00e9ronautique), est d\u00e9sormais bien \u00e9tablie au coll\u00e8ge et a de succ\u00e8s.<\/p>\n<p>Renforcer la place des&#8230;                        <\/p>\n","protected":false},"excerpt":{"rendered":"\u00ab\u00a0C\u2019est la 7e promotion de l\u2019option a\u00e9ronautique\u00a0! \u00a0\u00bb, se r\u00e9jouit Yazid Chekaroua, professeur de math\u00e9matiques au coll\u00e8ge Louis&hellip;\n","protected":false},"author":2,"featured_media":470508,"comment_status":"","ping_status":"","sticky":false,"template":"","format":"standard","meta":{"footnotes":""},"categories":[9653],"tags":[1111,11,2430,3599,7539,1057,1777,674,1011,27,12,25,12490,12491,4001],"class_list":{"0":"post-470507","1":"post","2":"type-post","3":"status-publish","4":"format-standard","5":"has-post-thumbnail","7":"category-saint-etienne","8":"tag-actu","9":"tag-actualites","10":"tag-auvergne-rhone-alpes","11":"tag-college-lycee","12":"tag-edition-loire-sud","13":"tag-education","14":"tag-eu","15":"tag-europe","16":"tag-fr","17":"tag-france","18":"tag-news","19":"tag-republique-francaise","20":"tag-roche-la-moliere","21":"tag-roche-la-moliere-bassin","22":"tag-saint-etienne"},"share_on_mastodon":{"url":"https:\/\/pubeurope.com\/@fr\/115390788690844219","error":""},"_links":{"self":[{"href":"https:\/\/www.europesays.com\/fr\/wp-json\/wp\/v2\/posts\/470507","targetHints":{"allow":["GET"]}}],"collection":[{"href":"https:\/\/www.europesays.com\/fr\/wp-json\/wp\/v2\/posts"}],"about":[{"href":"https:\/\/www.europesays.com\/fr\/wp-json\/wp\/v2\/types\/post"}],"author":[{"embeddable":true,"href":"https:\/\/www.europesays.com\/fr\/wp-json\/wp\/v2\/users\/2"}],"replies":[{"embeddable":true,"href":"https:\/\/www.europesays.com\/fr\/wp-json\/wp\/v2\/comments?post=470507"}],"version-history":[{"count":0,"href":"https:\/\/www.europesays.com\/fr\/wp-json\/wp\/v2\/posts\/470507\/revisions"}],"wp:featuredmedia":[{"embeddable":true,"href":"https:\/\/www.europesays.com\/fr\/wp-json\/wp\/v2\/media\/470508"}],"wp:attachment":[{"href":"https:\/\/www.europesays.com\/fr\/wp-json\/wp\/v2\/media?parent=470507"}],"wp:term":[{"taxonomy":"category","embeddable":true,"href":"https:\/\/www.europesays.com\/fr\/wp-json\/wp\/v2\/categories?post=470507"},{"taxonomy":"post_tag","embeddable":true,"href":"https:\/\/www.europesays.com\/fr\/wp-json\/wp\/v2\/tags?post=470507"}],"curies":[{"name":"wp","href":"https:\/\/api.w.org\/{rel}","templated":true}]}}