{"id":470513,"date":"2025-10-17T17:56:26","date_gmt":"2025-10-17T17:56:26","guid":{"rendered":"https:\/\/www.europesays.com\/fr\/470513\/"},"modified":"2025-10-17T17:56:26","modified_gmt":"2025-10-17T17:56:26","slug":"jusqua-18-mois-de-prison-avec-sursis-requis","status":"publish","type":"post","link":"https:\/\/www.europesays.com\/fr\/470513\/","title":{"rendered":"jusqu\u2019\u00e0 18 mois de prison avec sursis requis"},"content":{"rendered":"<p>Elle a commenc\u00e9 par rappeler un sentiment : la douleur. Celle de parents qui rentrent de la maternit\u00e9 avec un vide immense. Un berceau vide, celui laiss\u00e9 par leur nourrisson d\u00e9c\u00e9d\u00e9 \u00e0 l\u2019h\u00f4pital. \u00ab Que faire de cette chambre, de ces peluches ? \u00bb, a lanc\u00e9 Me Papin, l\u2019avocate des parties civiles, lors de sa plaidoirie, d\u00e9plorant \u00ab le manque de compassion \u00bb des pr\u00e9venues.<\/p>\n<p>Les quatre infirmi\u00e8res&#8230;<\/p>\n","protected":false},"excerpt":{"rendered":"Elle a commenc\u00e9 par rappeler un sentiment : la douleur. Celle de parents qui rentrent de la maternit\u00e9&hellip;\n","protected":false},"author":2,"featured_media":470514,"comment_status":"","ping_status":"","sticky":false,"template":"","format":"standard","meta":{"footnotes":""},"categories":[9635],"tags":[1111,11,1704,1777,674,274,1011,27,775,3457,1702,1703,12,3456,25,71,801,104],"class_list":{"0":"post-470513","1":"post","2":"type-post","3":"status-publish","4":"format-standard","5":"has-post-thumbnail","7":"category-nancy","8":"tag-actu","9":"tag-actualites","10":"tag-edition-nancy-et-agglomeration","11":"tag-eu","12":"tag-europe","13":"tag-faits-divers-justice","14":"tag-fr","15":"tag-france","16":"tag-grand-est","17":"tag-meurthe-et-moselle","18":"tag-nancy","19":"tag-nancy-ville-54b","20":"tag-news","21":"tag-region-lorraine","22":"tag-republique-francaise","23":"tag-sante","24":"tag-social","25":"tag-societe"},"share_on_mastodon":{"url":"https:\/\/pubeurope.com\/@fr\/115390800456458876","error":""},"_links":{"self":[{"href":"https:\/\/www.europesays.com\/fr\/wp-json\/wp\/v2\/posts\/470513","targetHints":{"allow":["GET"]}}],"collection":[{"href":"https:\/\/www.europesays.com\/fr\/wp-json\/wp\/v2\/posts"}],"about":[{"href":"https:\/\/www.europesays.com\/fr\/wp-json\/wp\/v2\/types\/post"}],"author":[{"embeddable":true,"href":"https:\/\/www.europesays.com\/fr\/wp-json\/wp\/v2\/users\/2"}],"replies":[{"embeddable":true,"href":"https:\/\/www.europesays.com\/fr\/wp-json\/wp\/v2\/comments?post=470513"}],"version-history":[{"count":0,"href":"https:\/\/www.europesays.com\/fr\/wp-json\/wp\/v2\/posts\/470513\/revisions"}],"wp:featuredmedia":[{"embeddable":true,"href":"https:\/\/www.europesays.com\/fr\/wp-json\/wp\/v2\/media\/470514"}],"wp:attachment":[{"href":"https:\/\/www.europesays.com\/fr\/wp-json\/wp\/v2\/media?parent=470513"}],"wp:term":[{"taxonomy":"category","embeddable":true,"href":"https:\/\/www.europesays.com\/fr\/wp-json\/wp\/v2\/categories?post=470513"},{"taxonomy":"post_tag","embeddable":true,"href":"https:\/\/www.europesays.com\/fr\/wp-json\/wp\/v2\/tags?post=470513"}],"curies":[{"name":"wp","href":"https:\/\/api.w.org\/{rel}","templated":true}]}}