{"id":470515,"date":"2025-10-17T17:57:14","date_gmt":"2025-10-17T17:57:14","guid":{"rendered":"https:\/\/www.europesays.com\/fr\/470515\/"},"modified":"2025-10-17T17:57:14","modified_gmt":"2025-10-17T17:57:14","slug":"un-an-dineligibilite-requis-contre-jean-louis-masson-president-du-conseil-departemental-du-var-pour-prise-illegale-dinteret","status":"publish","type":"post","link":"https:\/\/www.europesays.com\/fr\/470515\/","title":{"rendered":"Un an d&rsquo;in\u00e9ligibilit\u00e9 requis contre Jean-Louis Masson, pr\u00e9sident du conseil d\u00e9partemental du Var, pour prise ill\u00e9gale d&rsquo;int\u00e9r\u00eat"},"content":{"rendered":"<p>Accus\u00e9 de prise ill\u00e9gale d&rsquo;int\u00e9r\u00eat, le pr\u00e9sident du conseil d\u00e9partemental du Var \u00e9tait entendu par le tribunal correctionnel de Toulon ce vendredi 17 septembre. Le procureur a notamment requis une peine d&rsquo;un an d&rsquo;in\u00e9ligibilit\u00e9.<\/p>\n<p>Figure de la droite varoise depuis une vingtaine d&rsquo;ann\u00e9es, <a href=\"https:\/\/www.bfmtv.com\/marseille\/replay-emissions\/bonjour-marseille\/video-l-invite-de-bonjour-marseille-du-lundi-6-octobre-2025-jean-lous-masson_VN-202510060195.html\" title=\"L&#039;invit\u00e9 de Bonjour Marseille du lundi 6 octobre 2025 - Jean-Louis Masson\" class=\"internal_link\" rel=\"nofollow noopener\" target=\"_blank\">Jean-Louis Masson<\/a>, pr\u00e9sident du conseil d\u00e9partemental, est entendu par le tribunal correctionnel de Toulon ce vendredi 17 octobre pour prise ill\u00e9gale d&rsquo;int\u00e9r\u00eat.<\/p>\n<p>En fin de matin\u00e9e ce vendredi, le procureur a requis une amende de 30.000 euros et une peine d&rsquo;in\u00e9ligibilit\u00e9 d&rsquo;un an, sans ex\u00e9cution provisoire, \u00ab\u00a0au vu de son casier judiciaire vierge et de son parcours d&rsquo;homme politique exemplaire\u00a0\u00bb.<\/p>\n<p>Des votes concernant des structures qu&rsquo;il pr\u00e9sidait<\/p>\n<p>Les accusations pesant sur Jean-Louis Masson concernent son ancien mandat de maire de La Garde, entre 2001 et 2017 puis de 2020 \u00e0 2022. C&rsquo;est lors de cette derni\u00e8re ann\u00e9e que le groupe d&rsquo;opposition \u00ab\u00a0Unis pour La Garde\u00a0\u00bb a d\u00e9pos\u00e9 une plainte.<\/p>\n<p>Les \u00e9lus de ce groupe reprochent \u00e0 l\u2019ancien maire d\u2019avoir particip\u00e9 \u00e0 des votes concernant la SAGEM et la Soci\u00e9t\u00e9 d&rsquo;Am\u00e9nagement et de Gestion Publique (SAGEP). Ces deux soci\u00e9t\u00e9s d\u2019\u00e9conomie mixte sont en charge de l\u2019am\u00e9nagement de la Ville.\u00a0<\/p>\n<p>Les membres d'\u00a0\u00bbUnis pour La Garde\u00a0\u00bb avaient soulign\u00e9 que l&rsquo;ancien \u00e9dile pr\u00e9sidait \u00e9galement les conseils d\u2019administration de ces structures et recevait, \u00e0 ce titre, une r\u00e9mun\u00e9ration de 21.000 euros par an.<\/p>\n<p>Les faits se seraient d\u00e9roul\u00e9s entre 2015 et 2022, hormis durant la p\u00e9riode 2017-2020, durant laquelle Jean-Louis Masson \u00e9tait d\u00e9put\u00e9.<\/p>\n<p>Enzo Hinsinger avec Mathias Fleury<\/p>\n","protected":false},"excerpt":{"rendered":"Accus\u00e9 de prise ill\u00e9gale d&rsquo;int\u00e9r\u00eat, le pr\u00e9sident du conseil d\u00e9partemental du Var \u00e9tait entendu par le tribunal correctionnel&hellip;\n","protected":false},"author":2,"featured_media":470516,"comment_status":"","ping_status":"","sticky":false,"template":"","format":"standard","meta":{"footnotes":""},"categories":[9619],"tags":[1111,11,1777,674,1011,27,12,882,25,2310],"class_list":{"0":"post-470515","1":"post","2":"type-post","3":"status-publish","4":"format-standard","5":"has-post-thumbnail","7":"category-toulon","8":"tag-actu","9":"tag-actualites","10":"tag-eu","11":"tag-europe","12":"tag-fr","13":"tag-france","14":"tag-news","15":"tag-provence-alpes-cote-dazur","16":"tag-republique-francaise","17":"tag-toulon"},"share_on_mastodon":{"url":"https:\/\/pubeurope.com\/@fr\/115390804410593765","error":""},"_links":{"self":[{"href":"https:\/\/www.europesays.com\/fr\/wp-json\/wp\/v2\/posts\/470515","targetHints":{"allow":["GET"]}}],"collection":[{"href":"https:\/\/www.europesays.com\/fr\/wp-json\/wp\/v2\/posts"}],"about":[{"href":"https:\/\/www.europesays.com\/fr\/wp-json\/wp\/v2\/types\/post"}],"author":[{"embeddable":true,"href":"https:\/\/www.europesays.com\/fr\/wp-json\/wp\/v2\/users\/2"}],"replies":[{"embeddable":true,"href":"https:\/\/www.europesays.com\/fr\/wp-json\/wp\/v2\/comments?post=470515"}],"version-history":[{"count":0,"href":"https:\/\/www.europesays.com\/fr\/wp-json\/wp\/v2\/posts\/470515\/revisions"}],"wp:featuredmedia":[{"embeddable":true,"href":"https:\/\/www.europesays.com\/fr\/wp-json\/wp\/v2\/media\/470516"}],"wp:attachment":[{"href":"https:\/\/www.europesays.com\/fr\/wp-json\/wp\/v2\/media?parent=470515"}],"wp:term":[{"taxonomy":"category","embeddable":true,"href":"https:\/\/www.europesays.com\/fr\/wp-json\/wp\/v2\/categories?post=470515"},{"taxonomy":"post_tag","embeddable":true,"href":"https:\/\/www.europesays.com\/fr\/wp-json\/wp\/v2\/tags?post=470515"}],"curies":[{"name":"wp","href":"https:\/\/api.w.org\/{rel}","templated":true}]}}