{"id":470517,"date":"2025-10-17T17:58:21","date_gmt":"2025-10-17T17:58:21","guid":{"rendered":"https:\/\/www.europesays.com\/fr\/470517\/"},"modified":"2025-10-17T17:58:21","modified_gmt":"2025-10-17T17:58:21","slug":"nouveau-coup-dur-pour-toulon-bayonne-securise-son-avenir","status":"publish","type":"post","link":"https:\/\/www.europesays.com\/fr\/470517\/","title":{"rendered":"Nouveau coup dur pour Toulon, Bayonne s\u00e9curise son avenir"},"content":{"rendered":"<p><strong>Le club varois doit \u00e0 nouveau composer sans son international Antoine Frisch, tandis que l\u2019Aviron bayonnais prolonge l\u2019un de ses piliers les plus prometteurs.<\/strong><\/p>\n<p>Le RCT subit un s\u00e9rieux revers avec la nouvelle blessure d\u2019Antoine Frisch. Le centre international, qui avait d\u00e9j\u00e0 manqu\u00e9 la fin de saison pr\u00e9c\u00e9dente suite \u00e0 une fracture au pied, fait face \u00e0 une rechute de cette m\u00eame l\u00e9sion. Apr\u00e8s avoir initialement opt\u00e9 pour un traitement conservateur, le joueur de 28 ans devra finalement passer sur le billard op\u00e9ratoire la semaine prochaine. Cette intervention le tiendra \u00e9loign\u00e9 des terrains pour une p\u00e9riode estim\u00e9e entre quatre et cinq mois, privant ainsi Pierre Mignoni d\u2019un \u00e9l\u00e9ment cl\u00e9 de son effectif.<\/p>\n<p>Cette absence prolong\u00e9e s\u2019ajoute \u00e0 celle du deuxi\u00e8me ligne Matthias Halagahu, d\u00e9j\u00e0 indisponible pour plusieurs mois, alourdissant consid\u00e9rablement la liste des bless\u00e9s au sein du club toulonnais. Contrairement \u00e0 ce qu\u2019on pourrait imaginer, la direction n\u2019envisage pas pour l\u2019instant de recourir \u00e0 un joker m\u00e9dical pour pallier ces d\u00e9fections.<\/p>\n<p>Dans le m\u00eame temps, l\u2019Aviron bayonnais affiche une gestion plus sereine de son effectif. Le club basque, actuellement sixi\u00e8me du Top 14, vient de sceller l\u2019avenir d\u2019Andy Bordelai pour trois saisons suppl\u00e9mentaires. Le pilier gauche de 25 ans, qui portait d\u00e9j\u00e0 le maillot bayonnais depuis deux ans, confirme ainsi son statut de joueur important dans le projet sportif. Pr\u00e9sent dans le groupe de d\u00e9part lors des six premiers matchs de la saison, il d\u00e9montre une progression notable par rapport \u00e0 l\u2019exercice pr\u00e9c\u00e9dent o\u00f9 il n\u2019avait \u00e9t\u00e9 titulaire qu\u2019\u00e0 huit reprises. Cette prolongation intervient \u00e0 la veille d\u2019une rencontre capitale face \u00e0 Clermont au stade Jean-Dauger.<\/p>\n","protected":false},"excerpt":{"rendered":"Le club varois doit \u00e0 nouveau composer sans son international Antoine Frisch, tandis que l\u2019Aviron bayonnais prolonge l\u2019un&hellip;\n","protected":false},"author":2,"featured_media":470518,"comment_status":"","ping_status":"","sticky":false,"template":"","format":"standard","meta":{"footnotes":""},"categories":[9619],"tags":[1111,11,1777,674,1011,27,12,882,25,2310],"class_list":{"0":"post-470517","1":"post","2":"type-post","3":"status-publish","4":"format-standard","5":"has-post-thumbnail","7":"category-toulon","8":"tag-actu","9":"tag-actualites","10":"tag-eu","11":"tag-europe","12":"tag-fr","13":"tag-france","14":"tag-news","15":"tag-provence-alpes-cote-dazur","16":"tag-republique-francaise","17":"tag-toulon"},"share_on_mastodon":{"url":"https:\/\/pubeurope.com\/@fr\/115390808362490679","error":""},"_links":{"self":[{"href":"https:\/\/www.europesays.com\/fr\/wp-json\/wp\/v2\/posts\/470517","targetHints":{"allow":["GET"]}}],"collection":[{"href":"https:\/\/www.europesays.com\/fr\/wp-json\/wp\/v2\/posts"}],"about":[{"href":"https:\/\/www.europesays.com\/fr\/wp-json\/wp\/v2\/types\/post"}],"author":[{"embeddable":true,"href":"https:\/\/www.europesays.com\/fr\/wp-json\/wp\/v2\/users\/2"}],"replies":[{"embeddable":true,"href":"https:\/\/www.europesays.com\/fr\/wp-json\/wp\/v2\/comments?post=470517"}],"version-history":[{"count":0,"href":"https:\/\/www.europesays.com\/fr\/wp-json\/wp\/v2\/posts\/470517\/revisions"}],"wp:featuredmedia":[{"embeddable":true,"href":"https:\/\/www.europesays.com\/fr\/wp-json\/wp\/v2\/media\/470518"}],"wp:attachment":[{"href":"https:\/\/www.europesays.com\/fr\/wp-json\/wp\/v2\/media?parent=470517"}],"wp:term":[{"taxonomy":"category","embeddable":true,"href":"https:\/\/www.europesays.com\/fr\/wp-json\/wp\/v2\/categories?post=470517"},{"taxonomy":"post_tag","embeddable":true,"href":"https:\/\/www.europesays.com\/fr\/wp-json\/wp\/v2\/tags?post=470517"}],"curies":[{"name":"wp","href":"https:\/\/api.w.org\/{rel}","templated":true}]}}