{"id":470519,"date":"2025-10-17T17:59:10","date_gmt":"2025-10-17T17:59:10","guid":{"rendered":"https:\/\/www.europesays.com\/fr\/470519\/"},"modified":"2025-10-17T17:59:10","modified_gmt":"2025-10-17T17:59:10","slug":"et-si-vous-ecoutiez-un-album-culte-autrement","status":"publish","type":"post","link":"https:\/\/www.europesays.com\/fr\/470519\/","title":{"rendered":"et si vous \u00e9coutiez un album culte\u2026 autrement\u00a0?"},"content":{"rendered":"<p>            Par<br \/>\n        <strong><br \/>\n            <a href=\"https:\/\/actu.fr\/auteur\/metropoop\" title=\"Consulter tous les articles de R\u00e9daction M\u00e9tropolitain\" rel=\"nofollow noopener\" target=\"_blank\">R\u00e9daction M\u00e9tropolitain<\/a><br \/>\n        <\/strong><\/p>\n<p>        Publi\u00e9 le<\/p>\n<p>            17 oct. 2025 \u00e0 19h32        <\/p>\n<p>Le samedi 18 octobre \u00e0 16h, le <strong>D\u00e9partement de l\u2019H\u00e9rault<\/strong> propose aux m\u00e9lomanes une <strong>plong\u00e9e immersive<\/strong> dans un album culte du rock progressif : \u00ab The Dark Side of the Moon \u00bb, de Pink Floyd . Au domaine Pierresvives \u00e0 Montpellier, l\u2019\u0153uvre sera <strong>diffus\u00e9e int\u00e9gralement<\/strong>, dans des <strong>conditions d\u2019\u00e9coute optimales<\/strong>, pour red\u00e9couvrir toute sa puissance et sa richesse sonore.<\/p>\n<p>Un v\u00e9ritable monument du rock progressif<\/p>\n<p class=\" wall-content\">\u00ab\u00a0L\u2019album-concept\u00a0\u00bb \u00ab The Dark Side of the Moon \u00bb explore les profondeurs de l\u2019\u00e2me humaine, abordant des <strong>th\u00e8mes universels<\/strong> comme la peur, la folie, le temps qui passe et la mort. La musique, riche en textures et en atmosph\u00e8res, cr\u00e9e <strong>une exp\u00e9rience auditive immersive<\/strong>, tandis que les <strong>paroles introspectives<\/strong> invitent \u00e0 une profonde r\u00e9flexion.<\/p>\n<p>    <a href=\"https:\/\/www.google.com\/maps\/embed?pb=!1m18!1m12!1m3!1d10394.268153532823!2d3.8131067580113776!3d43.624603270427905!2m3!1f0!2f0!3f0!3m2!1i1024!2i768!4f13.1!3m3!1m2!1s0x12b6ae9c52759137%3A0xe7d06060cae0637c!2sDomaine%20d%C3%A9partemental%20de%20Pierresvives!5e1!3m2!1sfr!2sfr!4v1760026874865!5m2!1sfr!2sfr\" title=\"Ouvrie le lien\" rel=\"nofollow noopener\" target=\"_blank\">Cliquez ici pour visualiser le contenu<\/a><\/p>\n<p class=\" wall-content\">Avec des titres embl\u00e9matiques comme \u00ab Time \u00bb, \u00ab Money \u00bb et \u00ab Us and Them \u00bb, Pink Floyd signe ici un chef-d\u2019\u0153uvre intemporel qui continue de fasciner les auditeurs de tous \u00e2ges. L\u2019album est \u00e9galement remarquable pour sa coh\u00e9rence conceptuelle et sa production sonore soign\u00e9e, faisant de \u00ab The Dark Side of the Moon \u00bb une \u0153uvre d\u2019art totale.<\/p>\n<p><strong>&gt; Pratique : <\/strong>Le club du disque, le samedi 18 septembre \u00e0 16h00, \u00e0 l\u2019Amphith\u00e9\u00e2tre \u2013 M\u00e9diath\u00e8que de Pierresvives, \u00e0 Montpellier. Entr\u00e9e libre. T\u00e9l. 04 67 67 36 60 (Billetterie gratuite le jour-m\u00eame \u00e0 l\u2019accueil). Plus d\u2019infos sur le site internet : <a href=\"http:\/\/pierresvives.herault.fr\" rel=\"nofollow noopener\" target=\"_blank\">pierresvives.herault.fr<\/a>. Prochains rendez-vous : le 15\/11 avec l\u2019album \u00ab\u00a0Led Zeppelin IV\u00a0\u00bb, de Led Zeppelin; le 13\/12 avec \u00ab\u00a0Purple rain\u00a0\u00bb, de Prince; le 17\/01 avec \u00ab\u00a0Currents\u00a0\u00bb, de Rame Impala.\u00a0<\/p>\n<p class=\" wall-content\">Personnalisez votre actualit\u00e9 en ajoutant vos villes et m\u00e9dias en favori avec <a href=\"https:\/\/moncompte.actu.fr\" title=\"D\u00e9couvez Mon Actu\" rel=\"nofollow noopener\" data-trk=\"{&quot;cta&quot;:{&quot;action&quot;:&quot;https:\\\/\\\/moncompte.actu.fr&quot;,&quot;category&quot;:&quot;mon compte&quot;,&quot;from&quot;:&quot;article footer&quot;,&quot;name&quot;:&quot;Mon actu&quot;,&quot;type&quot;:&quot;cta&quot;}}\" target=\"_blank\">Mon Actu<\/a>.<\/p>\n","protected":false},"excerpt":{"rendered":"Par R\u00e9daction M\u00e9tropolitain Publi\u00e9 le 17 oct. 2025 \u00e0 19h32 Le samedi 18 octobre \u00e0 16h, le D\u00e9partement&hellip;\n","protected":false},"author":2,"featured_media":470520,"comment_status":"","ping_status":"","sticky":false,"template":"","format":"standard","meta":{"footnotes":""},"categories":[9599],"tags":[1111,11,1777,674,1011,27,1652,2208,12,2680,25],"class_list":{"0":"post-470519","1":"post","2":"type-post","3":"status-publish","4":"format-standard","5":"has-post-thumbnail","7":"category-montpellier","8":"tag-actu","9":"tag-actualites","10":"tag-eu","11":"tag-europe","12":"tag-fr","13":"tag-france","14":"tag-loisirs-culture","15":"tag-montpellier","16":"tag-news","17":"tag-occitanie","18":"tag-republique-francaise"},"share_on_mastodon":{"url":"https:\/\/pubeurope.com\/@fr\/115390812167002325","error":""},"_links":{"self":[{"href":"https:\/\/www.europesays.com\/fr\/wp-json\/wp\/v2\/posts\/470519","targetHints":{"allow":["GET"]}}],"collection":[{"href":"https:\/\/www.europesays.com\/fr\/wp-json\/wp\/v2\/posts"}],"about":[{"href":"https:\/\/www.europesays.com\/fr\/wp-json\/wp\/v2\/types\/post"}],"author":[{"embeddable":true,"href":"https:\/\/www.europesays.com\/fr\/wp-json\/wp\/v2\/users\/2"}],"replies":[{"embeddable":true,"href":"https:\/\/www.europesays.com\/fr\/wp-json\/wp\/v2\/comments?post=470519"}],"version-history":[{"count":0,"href":"https:\/\/www.europesays.com\/fr\/wp-json\/wp\/v2\/posts\/470519\/revisions"}],"wp:featuredmedia":[{"embeddable":true,"href":"https:\/\/www.europesays.com\/fr\/wp-json\/wp\/v2\/media\/470520"}],"wp:attachment":[{"href":"https:\/\/www.europesays.com\/fr\/wp-json\/wp\/v2\/media?parent=470519"}],"wp:term":[{"taxonomy":"category","embeddable":true,"href":"https:\/\/www.europesays.com\/fr\/wp-json\/wp\/v2\/categories?post=470519"},{"taxonomy":"post_tag","embeddable":true,"href":"https:\/\/www.europesays.com\/fr\/wp-json\/wp\/v2\/tags?post=470519"}],"curies":[{"name":"wp","href":"https:\/\/api.w.org\/{rel}","templated":true}]}}