{"id":470523,"date":"2025-10-17T18:05:11","date_gmt":"2025-10-17T18:05:11","guid":{"rendered":"https:\/\/www.europesays.com\/fr\/470523\/"},"modified":"2025-10-17T18:05:11","modified_gmt":"2025-10-17T18:05:11","slug":"cest-une-affaire-de-famille","status":"publish","type":"post","link":"https:\/\/www.europesays.com\/fr\/470523\/","title":{"rendered":"\u00ab C&rsquo;est une affaire de famille \u00bb"},"content":{"rendered":"<p>            Par<br \/>\n        <strong><br \/>\n            <a href=\"https:\/\/actu.fr\/auteur\/adrien-filoche\" title=\"Consulter tous les articles de Adrien Filoche\" target=\"_blank\" rel=\"noopener\">Adrien Filoche<\/a><br \/>\n        <\/strong><\/p>\n<p>        Publi\u00e9 le<\/p>\n<p>            17 oct. 2025 \u00e0 19h12        <\/p>\n<p>C\u2019est l\u2019histoire de <strong>deux fr\u00e8res passionn\u00e9s de restauration<\/strong>, emport\u00e9s par un r\u00eave\u2009: celui de g\u00e9rer leur propre restaurant. Yanis et Sofiane l\u2019ont r\u00e9alis\u00e9 en ouvrant leur \u00e9tablissement \u00e0 <a href=\"https:\/\/actu.fr\/normandie\/petit-couronne_76497\" target=\"_blank\" rel=\"noopener\">Petit-Couronne (Seine-Maritime),<\/a> pr\u00e8s de Rouen. <strong>Food K Family<\/strong>, qui a ouvert le samedi 11\u00a0octobre 2025, se pr\u00e9sente comme <strong>une petite brasserie de quartier. <\/strong>On vous fait la pr\u00e9sentation.<\/p>\n<p>\u00ab\u2009C\u2019est notre toute premi\u00e8re affaire\u2009\u00bb<\/p>\n<p class=\" wall-content\">\u00ab\u2009Avant, c\u2019\u00e9tait un kebab ici. On voulait un peu de changement\u2009\u00bb, pr\u00e9sente Sofiane. D\u00e9sireux d\u2019offrir un peu de diversit\u00e9 dans l\u2019offre de restauration du coin, il a d\u00e9cid\u00e9 avec son fr\u00e8re d\u2019ouvrir une petite brasserie de quartier. Apr\u00e8s trois mois de travaux, le nouveau lieu a pris vie.<\/p>\n<p class=\" wall-content\">\u00ab\u2009C\u2019est notre toute premi\u00e8re affaire\u2009\u00bb, confie celui qui travaille dans la restauration depuis deux ans. Avoir leur propre business, cela fait 10\u00a0ans qu\u2019ils en parlent ensemble, aux c\u00f4t\u00e9s de Yanis. \u00ab\u2009On est tomb\u00e9 sur ce local, et on s\u2019est dit que c\u2019\u00e9tait le bon moment\u2009\u00bb, souligne Yanis.<\/p>\n<p class=\" wall-content\">L\u2019\u00e9tablissement, fra\u00eechement r\u00e9nov\u00e9, compte une vingtaine de places \u00e0 l\u2019int\u00e9rieur. Il est ouvert de 12\u00a0heures \u00e0 22\u00a0heures, du lundi au samedi. \u00ab\u2009Pour le lancement, on est en service continu, mais on s\u2019adaptera au fur et \u00e0 mesure\u2009\u00bb, pr\u00e9cisent les g\u00e9rants.<\/p>\n<p>Une offre sp\u00e9ciale pour l\u2019ouverture<\/p>\n<p class=\" wall-content\">Sur la carte, <strong>trois burgers au choix<\/strong> (dont une offre v\u00e9g\u00e9tarienne) des <strong>grillades<\/strong>, des tartines, des <strong>salades<\/strong> ou encore des <strong>p\u00e2tes<\/strong>. Et en dessert, il faudra choisir entre la mousse au chocolat blanc, la gaufre sp\u00e9culos et les tiramisus. Pour un plat, il faudra d\u00e9bourser entre 12 et 15\u00a0euros, et environ 7\u00a0euros pour un dessert.<\/p>\n<p class=\" wall-content\">\u00ab\u2009On veut proposer de la cuisine maison \u00e0 des prix abordables\u2009\u00bb, insiste Sofiane. \u00c0 noter que l\u2019\u00e9tablissement propose <strong>une formule du midi<\/strong> avec plat et dessert \u00e0 14,90\u00a0euros et <strong>une formule du soir<\/strong> \u00e0 16,90\u00a0euros. Et pour les \u00e9tudiants, un menu \u00e0 9\u00a0euros.<\/p>\n<p>Votre r\u00e9gion, votre actu !<\/p>\n<p>Recevez chaque jour les infos qui comptent pour vous.<\/p>\n<p>\t<a href=\"https:\/\/actu.fr\/newsletter\" class=\"ac-btn ac-btn--corner ac-btn--medium ac-btn--blue800\" target=\"_blank\" rel=\"noopener\">S&rsquo;incrire<\/a><\/p>\n<blockquote class=\"ac-article-quote wall-content\">\n<p>Pour le moment, nous ne sommes que deux. On alterne entre le service et la cuisine. Parfois, ma femme vient nous donner un coup de main. Ici, c&rsquo;est une affaire de famille.<\/p>\n<p>    <strong>Sofiane<\/strong><br \/>\n        co-g\u00e9rant de Food K Family    <\/p><\/blockquote>\n<p class=\" wall-content\">De plus, \u00ab\u2009pour l\u2019ouverture, on a une offre sp\u00e9ciale le midi jusqu\u2019au 11\u00a0novembre. C\u2019est un menu avec un smash burger, frites et boisson pour 5\u00a0euros\u2009\u00bb. De quoi tester la cuisine des deux fr\u00e8res, sans se ruiner\u2009!<\/p>\n<p>Suivez l\u2019actualit\u00e9 de Rouen sur <a href=\"https:\/\/www.whatsapp.com\/channel\/0029VaKfnf99hXF2ddApFB1D\" target=\"_blank\" rel=\"noopener\">notre cha\u00eene WhatsApp<\/a> et sur <a href=\"https:\/\/www.tiktok.com\/@76actu.fr?lang=fr\" target=\"_blank\" rel=\"noopener\">notre compte TikTok<\/a>Food K Family \u00e0 retrouver sur <a href=\"https:\/\/www.instagram.com\/p\/DPFTwPQiOsF\/\" target=\"_blank\" rel=\"noopener\">Instagram<\/a><\/p>\n<p class=\" wall-content\">Personnalisez votre actualit\u00e9 en ajoutant vos villes et m\u00e9dias en favori avec <a href=\"https:\/\/moncompte.actu.fr\" title=\"D\u00e9couvez Mon Actu\" rel=\"nofollow noopener\" data-trk=\"{&quot;cta&quot;:{&quot;action&quot;:&quot;https:\\\/\\\/moncompte.actu.fr&quot;,&quot;category&quot;:&quot;mon compte&quot;,&quot;from&quot;:&quot;article footer&quot;,&quot;name&quot;:&quot;Mon actu&quot;,&quot;type&quot;:&quot;cta&quot;}}\" target=\"_blank\">Mon Actu<\/a>.<\/p>\n<p>                    <script async src=\"\/\/www.instagram.com\/embed.js\"><\/script><script async src=\"\/\/www.tiktok.com\/embed.js\"><\/script><\/p>\n","protected":false},"excerpt":{"rendered":"Par Adrien Filoche Publi\u00e9 le 17 oct. 2025 \u00e0 19h12 C\u2019est l\u2019histoire de deux fr\u00e8res passionn\u00e9s de restauration,&hellip;\n","protected":false},"author":2,"featured_media":470524,"comment_status":"","ping_status":"","sticky":false,"template":"","format":"standard","meta":{"footnotes":""},"categories":[9587],"tags":[1111,11,9086,215,1777,674,1011,27,1652,12,5161,3147,25,9590],"class_list":{"0":"post-470523","1":"post","2":"type-post","3":"status-publish","4":"format-standard","5":"has-post-thumbnail","7":"category-rouen","8":"tag-actu","9":"tag-actualites","10":"tag-bon-plan-a-rouen","11":"tag-commerce","12":"tag-eu","13":"tag-europe","14":"tag-fr","15":"tag-france","16":"tag-loisirs-culture","17":"tag-news","18":"tag-normandie","19":"tag-nouveaux-commerces","20":"tag-republique-francaise","21":"tag-rouen"},"share_on_mastodon":{"url":"https:\/\/pubeurope.com\/@fr\/115390835916876332","error":""},"_links":{"self":[{"href":"https:\/\/www.europesays.com\/fr\/wp-json\/wp\/v2\/posts\/470523","targetHints":{"allow":["GET"]}}],"collection":[{"href":"https:\/\/www.europesays.com\/fr\/wp-json\/wp\/v2\/posts"}],"about":[{"href":"https:\/\/www.europesays.com\/fr\/wp-json\/wp\/v2\/types\/post"}],"author":[{"embeddable":true,"href":"https:\/\/www.europesays.com\/fr\/wp-json\/wp\/v2\/users\/2"}],"replies":[{"embeddable":true,"href":"https:\/\/www.europesays.com\/fr\/wp-json\/wp\/v2\/comments?post=470523"}],"version-history":[{"count":0,"href":"https:\/\/www.europesays.com\/fr\/wp-json\/wp\/v2\/posts\/470523\/revisions"}],"wp:featuredmedia":[{"embeddable":true,"href":"https:\/\/www.europesays.com\/fr\/wp-json\/wp\/v2\/media\/470524"}],"wp:attachment":[{"href":"https:\/\/www.europesays.com\/fr\/wp-json\/wp\/v2\/media?parent=470523"}],"wp:term":[{"taxonomy":"category","embeddable":true,"href":"https:\/\/www.europesays.com\/fr\/wp-json\/wp\/v2\/categories?post=470523"},{"taxonomy":"post_tag","embeddable":true,"href":"https:\/\/www.europesays.com\/fr\/wp-json\/wp\/v2\/tags?post=470523"}],"curies":[{"name":"wp","href":"https:\/\/api.w.org\/{rel}","templated":true}]}}